{"id":40364,"date":"2019-02-13T10:48:51","date_gmt":"2019-02-13T13:48:51","guid":{"rendered":"https:\/\/www.actualidadadiario.com\/?p=40364"},"modified":"2019-02-13T10:48:51","modified_gmt":"2019-02-13T13:48:51","slug":"no-hay-que-excluir-absolutamente-a-nadie","status":"publish","type":"post","link":"https:\/\/www.actualidadadiario.com\/index.php\/2019\/02\/13\/no-hay-que-excluir-absolutamente-a-nadie\/","title":{"rendered":"\u201cNo hay que excluir absolutamente a nadie\u201d"},"content":{"rendered":"<p><em><strong>El gobernador no confirm\u00f3 un acuerdo con Unidad Ciudadana, pero admiti\u00f3 la existencia de negociaciones. \u201cEstamos analizando cu\u00e1les son las alternativas que tenemos, hay que conversar, no hay que excluir absolutamente a nadie\u201d<\/strong><\/em><\/p>\n<p>&nbsp;<\/p>\n<p>&nbsp;<\/p>\n<p>&nbsp;<\/p>\n<p>Gustavo Bordet dijo que se est\u00e1n cumpliendo los plazos electorales \u201ccon absoluta normalidad en lo que es estrictamente el calendario electoral. Se viene desarrollando tal cual estaba previsto, hay vencimientos el d\u00eda de ma\u00f1ana con las alianzas electorales, y continuar\u00e1 as\u00ed hasta el acto comicial en su \u00faltima fecha el 9 de junio en elecciones generales, el 14 de abril elecciones de PASO\u201d, precis\u00f3.<\/p>\n<p>Tambi\u00e9n confirm\u00f3 que \u201chasta ahora\u201d el justicialismo llevar\u00e1 un frente integrado por ocho partidos \u201cy estamos haciendo algunas negociaciones m\u00e1s\u201d.<\/p>\n<p>Consultado concretamente sobre un acuerdo con Unidad Ciudadana expres\u00f3: \u201cEstamos analizando cu\u00e1les son las alternativas que tenemos, todav\u00eda falta mucho para el cierre de listas y hay que conversar, no hay que excluir absolutamente a nadie. Siempre he sido un constructor de consenso\u201d.<\/p>\n","protected":false},"excerpt":{"rendered":"<p>El gobernador no confirm\u00f3 un acuerdo con Unidad Ciudadana, pero admiti\u00f3 la existencia de negociaciones. \u201cEstamos analizando cu\u00e1les son las alternativas que tenemos, hay que conversar, no hay que excluir absolutamente a nadie\u201d &nbsp; &nbsp; &nbsp; Gustavo Bordet dijo que se est\u00e1n cumpliendo los plazos electorales \u201ccon absoluta normalidad en lo que es estrictamente el calendario electoral. Se viene desarrollando tal cual estaba previsto, hay vencimientos el d\u00eda de ma\u00f1ana con las alianzas electorales, y continuar\u00e1 as\u00ed hasta el acto comicial en su \u00faltima fecha el 9 de junio en&#8230;<\/p>\n","protected":false},"author":3,"featured_media":40365,"comment_status":"closed","ping_status":"closed","sticky":false,"template":"","format":"standard","meta":[],"categories":[9],"tags":[],"_links":{"self":[{"href":"https:\/\/www.actualidadadiario.com\/index.php\/wp-json\/wp\/v2\/posts\/40364"}],"collection":[{"href":"https:\/\/www.actualidadadiario.com\/index.php\/wp-json\/wp\/v2\/posts"}],"about":[{"href":"https:\/\/www.actualidadadiario.com\/index.php\/wp-json\/wp\/v2\/types\/post"}],"author":[{"embeddable":true,"href":"https:\/\/www.actualidadadiario.com\/index.php\/wp-json\/wp\/v2\/users\/3"}],"replies":[{"embeddable":true,"href":"https:\/\/www.actualidadadiario.com\/index.php\/wp-json\/wp\/v2\/comments?post=40364"}],"version-history":[{"count":1,"href":"https:\/\/www.actualidadadiario.com\/index.php\/wp-json\/wp\/v2\/posts\/40364\/revisions"}],"predecessor-version":[{"id":40366,"href":"https:\/\/www.actualidadadiario.com\/index.php\/wp-json\/wp\/v2\/posts\/40364\/revisions\/40366"}],"wp:featuredmedia":[{"embeddable":true,"href":"https:\/\/www.actualidadadiario.com\/index.php\/wp-json\/wp\/v2\/media\/40365"}],"wp:attachment":[{"href":"https:\/\/www.actualidadadiario.com\/index.php\/wp-json\/wp\/v2\/media?parent=40364"}],"wp:term":[{"taxonomy":"category","embeddable":true,"href":"https:\/\/www.actualidadadiario.com\/index.php\/wp-json\/wp\/v2\/categories?post=40364"},{"taxonomy":"post_tag","embeddable":true,"href":"https:\/\/www.actualidadadiario.com\/index.php\/wp-json\/wp\/v2\/tags?post=40364"}],"curies":[{"name":"wp","href":"https:\/\/api.w.org\/{rel}","templated":true}]}}