{"id":4032,"date":"2016-11-07T10:07:27","date_gmt":"2016-11-07T13:07:27","guid":{"rendered":"http:\/\/actualidadadiario.com\/site\/?p=4032"},"modified":"2016-11-07T10:07:27","modified_gmt":"2016-11-07T13:07:27","slug":"marchan-hoy-para-pedir-justicia-por-el-doble-femicidio-que-ejecuto-un-prefecto","status":"publish","type":"post","link":"https:\/\/www.actualidadadiario.com\/index.php\/2016\/11\/07\/marchan-hoy-para-pedir-justicia-por-el-doble-femicidio-que-ejecuto-un-prefecto\/","title":{"rendered":"Marchan hoy para pedir justicia por el doble femicidio que ejecut\u00f3 un prefecto"},"content":{"rendered":"<p><em><strong>Bajo el lema de &#8220;Ni una Menos&#8221;, el rectorado de la universidad de Entre R\u00edos convoca a otra movilizaci\u00f3n. El prefecto Reinaldo Ojeda mat\u00f3 primero a la madre de sus hijos y despu\u00e9s a su actual pareja<\/strong><\/em><\/p>\n<p>&nbsp;<\/p>\n<p>&nbsp;<\/p>\n<p>&nbsp;<\/p>\n<p>&nbsp;<\/p>\n<p>&nbsp;<\/p>\n<p>Diferentes sectores convocaron hoy a una marcha para ma\u00f1ana a los Tribunales provinciales de Paran\u00e1 para exigir justicia por el doble feminicidio del que fueron v\u00edctimas Miriam Romina Ibarra y Lidia Milessi.<\/p>\n<p>&nbsp;<\/p>\n<p>Todo ocurri\u00f3 en el barrio Mosconi, de Paran\u00e1. El femicida Reinaldo Ojeda, efectivo de la Prefectura Naval, dispar\u00f3 primero contra su ex pareja, Romina Ibarra, madre de sus dos hijos, quien trabajaba en la Divisi\u00f3n 911 de la Polic\u00eda. Luego, el asesino subi\u00f3 a su moto y fue hasta la casa de su pareja actual, Norma Milesi (41) con quien desde hac\u00eda un mes se encontraban distanciados. Tambi\u00e9n le dispar\u00f3, y falleci\u00f3 cuando era trasladada al hospital.<\/p>\n<p>&nbsp;<\/p>\n<p>Bajo el lema de &#8220;Ni Una Menos&#8221;, el rectorado de la Universidad Aut\u00f3noma de Entre R\u00edos (UADER), de donde Milessi era egresada, convocaron a la comunidad educativa a marchar a partir de las 18 desde la sede de la instituci\u00f3n, ubicada en avenida Ram\u00edrez 1143, con destino a la sede de Tribunales.<\/p>\n<p>&nbsp;<\/p>\n<p>&#8220;Una vez m\u00e1s la violencia machista, hist\u00f3rica y sistem\u00e1tica se apodera de la vida de dos de nosotras por el solo hecho de ser mujeres&#8221;, afirm\u00f3 la UADER en un comunicado.<\/p>\n<p>&nbsp;<\/p>\n<p>&nbsp;<\/p>\n<p>Dos mujeres de 35 y 45 a\u00f1os fueron asesinadas hoy a balazos en la ciudad de Paran\u00e1, tras lo cual fue detenido un efectivo de Prefectura, que hab\u00eda sido pareja de ambas v\u00edctimas, con una de las cuales ten\u00eda tres hijos.<\/p>\n<p>&nbsp;<\/p>\n<p>Frente a este doble femicidio, el gobernador de Entre R\u00edos, Gustavo Bordet, ratific\u00f3 su &#8220;compromiso de trabajar&#8221; en todo lo que est\u00e9 a su alcance para &#8220;lograr una sociedad m\u00e1s equitativa, integrada y en la que exista plenitud de derechos. El primero: a vivir sin violencia&#8221;.<\/p>\n<p>&nbsp;<\/p>\n<p>En tanto, la UADER afirm\u00f3 tener &#8220;la responsabilidad y el compromiso ineludible de educar en modificar las conductas sexistas que reproducen las desigualdades sociales&#8221;.<\/p>\n<p>&nbsp;<\/p>\n<p>&#8220;Nuestra universidad acompa\u00f1a a las hijas e hijos y dem\u00e1s familiares de los dos mujeres v\u00edctimas de la misoginia&#8221;, concluy\u00f3.<\/p>\n<p>&nbsp;<\/p>\n<p>El femicida Ojeda, de 46 a\u00f1os, ten\u00eda varias denuncias por violencia de g\u00e9nero. Sin embargo, nunca fue sancionado ni le quitaron el arma reglamentaria.<\/p>\n","protected":false},"excerpt":{"rendered":"<p>Bajo el lema de &#8220;Ni una Menos&#8221;, el rectorado de la universidad de Entre R\u00edos convoca a otra movilizaci\u00f3n. El prefecto Reinaldo Ojeda mat\u00f3 primero a la madre de sus hijos y despu\u00e9s a su actual pareja &nbsp; &nbsp; &nbsp; &nbsp; &nbsp; Diferentes sectores convocaron hoy a una marcha para ma\u00f1ana a los Tribunales provinciales de Paran\u00e1 para exigir justicia por el doble feminicidio del que fueron v\u00edctimas Miriam Romina Ibarra y Lidia Milessi. &nbsp; Todo ocurri\u00f3 en el barrio Mosconi, de Paran\u00e1. El femicida Reinaldo Ojeda, efectivo de la&#8230;<\/p>\n","protected":false},"author":3,"featured_media":4033,"comment_status":"closed","ping_status":"closed","sticky":false,"template":"","format":"standard","meta":[],"categories":[15],"tags":[],"_links":{"self":[{"href":"https:\/\/www.actualidadadiario.com\/index.php\/wp-json\/wp\/v2\/posts\/4032"}],"collection":[{"href":"https:\/\/www.actualidadadiario.com\/index.php\/wp-json\/wp\/v2\/posts"}],"about":[{"href":"https:\/\/www.actualidadadiario.com\/index.php\/wp-json\/wp\/v2\/types\/post"}],"author":[{"embeddable":true,"href":"https:\/\/www.actualidadadiario.com\/index.php\/wp-json\/wp\/v2\/users\/3"}],"replies":[{"embeddable":true,"href":"https:\/\/www.actualidadadiario.com\/index.php\/wp-json\/wp\/v2\/comments?post=4032"}],"version-history":[{"count":1,"href":"https:\/\/www.actualidadadiario.com\/index.php\/wp-json\/wp\/v2\/posts\/4032\/revisions"}],"predecessor-version":[{"id":4034,"href":"https:\/\/www.actualidadadiario.com\/index.php\/wp-json\/wp\/v2\/posts\/4032\/revisions\/4034"}],"wp:featuredmedia":[{"embeddable":true,"href":"https:\/\/www.actualidadadiario.com\/index.php\/wp-json\/wp\/v2\/media\/4033"}],"wp:attachment":[{"href":"https:\/\/www.actualidadadiario.com\/index.php\/wp-json\/wp\/v2\/media?parent=4032"}],"wp:term":[{"taxonomy":"category","embeddable":true,"href":"https:\/\/www.actualidadadiario.com\/index.php\/wp-json\/wp\/v2\/categories?post=4032"},{"taxonomy":"post_tag","embeddable":true,"href":"https:\/\/www.actualidadadiario.com\/index.php\/wp-json\/wp\/v2\/tags?post=4032"}],"curies":[{"name":"wp","href":"https:\/\/api.w.org\/{rel}","templated":true}]}}