{"id":4029,"date":"2016-11-07T10:06:00","date_gmt":"2016-11-07T13:06:00","guid":{"rendered":"http:\/\/actualidadadiario.com\/site\/?p=4029"},"modified":"2016-11-07T10:06:00","modified_gmt":"2016-11-07T13:06:00","slug":"desde-la-policia-aseguraron-que-recuerdan-un-fin-de-semana-tan-violento","status":"publish","type":"post","link":"https:\/\/www.actualidadadiario.com\/index.php\/2016\/11\/07\/desde-la-policia-aseguraron-que-recuerdan-un-fin-de-semana-tan-violento\/","title":{"rendered":"Desde la Polic\u00eda aseguraron que recuerdan un fin de semana tan violento"},"content":{"rendered":"<p><em><strong>El subjefe de la Polic\u00eda de Entre R\u00edos, comisario general Jos\u00e9 Alejandro Lauman, se manifest\u00f3 &#8220;conmocionado&#8221; por la seguidilla de femicidos que se vivieron el fin de semana en la provincia y asegur\u00f3 que &#8220;ninguno de los que trabajamos en esto tenemos memoria de un fin de semana tan violento como el que acabamos de pasar&#8221;<\/strong><\/em><\/p>\n<p>&nbsp;<\/p>\n<p>&nbsp;<\/p>\n<p>&nbsp;<\/p>\n<p>&nbsp;<\/p>\n<p>&nbsp;<\/p>\n<p>&nbsp;<\/p>\n<p>Ante esta situaci\u00f3n, Lauman explic\u00f3 que la fuerza de seguridad provincial tiene &#8220;la pol\u00edtica institucional, ante una denuncia de este tipo, de retirarle el arma a sus funcionarios&#8221; aunque aclar\u00f3 que cada fuerza tiene su propia forma de actuar, teniendo en cuenta que el femicida de Paran\u00e1 pertenec\u00eda a Prefectura.<\/p>\n<p>&nbsp;<\/p>\n<p>Agreg\u00f3 que al efectivo policial que es denunciado por violencia de g\u00e9nero &#8220;se le retira de inmediato el arma y queda en una situaci\u00f3n de trabajo distinta porque el estado policial conlleva la portaci\u00f3n inequ\u00edvoca del arma y pasa a prestar servicio en tareas auxiliares&#8221;.<\/p>\n<p>&nbsp;<\/p>\n<p>En tanto, mencion\u00f3 que &#8220;por los informes verbales que tenemos no hab\u00eda una denuncia expl\u00edcita de Miriam Ibarra \u2013tambi\u00e9n funcionaria policial- contra este se\u00f1or, aunque s\u00ed hab\u00eda una denuncia de su ex esposa, Lidia Milessi en 2009 por un hecho de estas caracter\u00edsticas contra el imputado&#8221;.<\/p>\n<p>&nbsp;<\/p>\n<p>Lauman coment\u00f3 que &#8220;al ingresar a la escuela de Polic\u00eda se realiza un an\u00e1lisis por gabinete pero no est\u00e1 estructurado luego un an\u00e1lisis permanente&#8221; a los efectivos y analiz\u00f3 que &#8220;estos hechos obedecen m\u00e1s que a una cuesti\u00f3n de profesi\u00f3n, a una cuesti\u00f3n sociol\u00f3gica que merece un an\u00e1lisis muy profundo&#8221;.<\/p>\n<p>&nbsp;<\/p>\n<p>&#8220;Ni bien hay una denuncia de violencia de g\u00e9nero se tendr\u00edan que tomar medidas inmediatas. Necesariamente hay que plantearse algunas cuestiones en v\u00edas de solucionar esta situaci\u00f3n&#8221;, reflexion\u00f3 el subjefe policial.<\/p>\n","protected":false},"excerpt":{"rendered":"<p>El subjefe de la Polic\u00eda de Entre R\u00edos, comisario general Jos\u00e9 Alejandro Lauman, se manifest\u00f3 &#8220;conmocionado&#8221; por la seguidilla de femicidos que se vivieron el fin de semana en la provincia y asegur\u00f3 que &#8220;ninguno de los que trabajamos en esto tenemos memoria de un fin de semana tan violento como el que acabamos de pasar&#8221; &nbsp; &nbsp; &nbsp; &nbsp; &nbsp; &nbsp; Ante esta situaci\u00f3n, Lauman explic\u00f3 que la fuerza de seguridad provincial tiene &#8220;la pol\u00edtica institucional, ante una denuncia de este tipo, de retirarle el arma a sus funcionarios&#8221;&#8230;<\/p>\n","protected":false},"author":3,"featured_media":4030,"comment_status":"closed","ping_status":"closed","sticky":false,"template":"","format":"standard","meta":[],"categories":[9],"tags":[],"_links":{"self":[{"href":"https:\/\/www.actualidadadiario.com\/index.php\/wp-json\/wp\/v2\/posts\/4029"}],"collection":[{"href":"https:\/\/www.actualidadadiario.com\/index.php\/wp-json\/wp\/v2\/posts"}],"about":[{"href":"https:\/\/www.actualidadadiario.com\/index.php\/wp-json\/wp\/v2\/types\/post"}],"author":[{"embeddable":true,"href":"https:\/\/www.actualidadadiario.com\/index.php\/wp-json\/wp\/v2\/users\/3"}],"replies":[{"embeddable":true,"href":"https:\/\/www.actualidadadiario.com\/index.php\/wp-json\/wp\/v2\/comments?post=4029"}],"version-history":[{"count":1,"href":"https:\/\/www.actualidadadiario.com\/index.php\/wp-json\/wp\/v2\/posts\/4029\/revisions"}],"predecessor-version":[{"id":4031,"href":"https:\/\/www.actualidadadiario.com\/index.php\/wp-json\/wp\/v2\/posts\/4029\/revisions\/4031"}],"wp:featuredmedia":[{"embeddable":true,"href":"https:\/\/www.actualidadadiario.com\/index.php\/wp-json\/wp\/v2\/media\/4030"}],"wp:attachment":[{"href":"https:\/\/www.actualidadadiario.com\/index.php\/wp-json\/wp\/v2\/media?parent=4029"}],"wp:term":[{"taxonomy":"category","embeddable":true,"href":"https:\/\/www.actualidadadiario.com\/index.php\/wp-json\/wp\/v2\/categories?post=4029"},{"taxonomy":"post_tag","embeddable":true,"href":"https:\/\/www.actualidadadiario.com\/index.php\/wp-json\/wp\/v2\/tags?post=4029"}],"curies":[{"name":"wp","href":"https:\/\/api.w.org\/{rel}","templated":true}]}}