{"id":4023,"date":"2016-11-07T10:03:58","date_gmt":"2016-11-07T13:03:58","guid":{"rendered":"http:\/\/actualidadadiario.com\/site\/?p=4023"},"modified":"2016-11-07T10:03:58","modified_gmt":"2016-11-07T13:03:58","slug":"se-incorpora-maquinaria-para-optimizar-la-recuperacion-de-caminos-en-la-provincia","status":"publish","type":"post","link":"https:\/\/www.actualidadadiario.com\/index.php\/2016\/11\/07\/se-incorpora-maquinaria-para-optimizar-la-recuperacion-de-caminos-en-la-provincia\/","title":{"rendered":"Se incorpora maquinaria para optimizar la recuperaci\u00f3n de caminos en la provincia"},"content":{"rendered":"<p><em><strong>A fin de reforzar el intenso trabajo de rehabilitaci\u00f3n de la red secundaria y terciaria emprendida por la actual gesti\u00f3n de gobierno, se destaca la compra de tractores, retroexcavadoras, camiones, camionetas y equipos varios. El monto de inversi\u00f3n supera los 36 millones de pesos<\/strong><\/em><\/p>\n<p>&nbsp;<\/p>\n<p>&nbsp;<\/p>\n<p>&nbsp;<\/p>\n<p>&nbsp;<\/p>\n<p>&nbsp;<\/p>\n<p>La titular de la Direcci\u00f3n Provincial de Vialidad, Alicia Ben\u00edtez, destac\u00f3 la inversi\u00f3n por unos 36 millones de pesos en maquinarias que ser\u00e1n destinadas a las zonales. \u201cCon esta inversi\u00f3n se pretende sumar equipamiento vial y reforzar las tareas de las zonales para la recuperaci\u00f3n de los caminos productivos afectados en gran medida a comienzo de a\u00f1os por las fuertes lluvias. La trama vial se ha recuperado con recursos propios\u201d.<\/p>\n<p>&nbsp;<\/p>\n<p>A su vez, la titular del organismo dej\u00f3 claro que se continuar\u00e1 reprogramando los trabajos desde la Direcci\u00f3n de Conservaci\u00f3n con las zonales y el apoyo de la Direcci\u00f3n de Mantenimiento en distintos puntos de la provincia.<\/p>\n<p>&nbsp;<\/p>\n<p>Adem\u00e1s, agreg\u00f3 que su metodolog\u00eda de trabajo desde que asumi\u00f3 es ir a cada zonal para saber de las necesidades de los habitantes que viven en el campo. \u201cHemos decidido ir a visitar al vecino, al productor, al presidente municipal y de juntas de Gobierno. Abrimos el di\u00e1logo para escuchar cuales son las prioridades. Esta forma de trabajo nos hace crecer pensando en dar una soluci\u00f3n eficaz a los problemas planteados en cada departamento en beneficio de la provincia\u201d.<\/p>\n<p>&nbsp;<\/p>\n<p>En tanto, el director Sub Administrador, N\u00e9stor Kemerer, destac\u00f3 \u201cla incorporaci\u00f3n de maquinarias que potenciar\u00e1n el trabajo de rehabilitaci\u00f3n de caminos productivos en toda la provincia\u201d.<\/p>\n<p>&nbsp;<\/p>\n<p>Por su parte, el director de Conservaci\u00f3n, Mario Sonzogni, indic\u00f3 que \u201cla adquisici\u00f3n de maquinaria vial forma parte del fortalecimiento institucional que se busca en esta gesti\u00f3n para brindar mejor servicio al usuario de la red vial provincial. Estas herramientas ser\u00e1n destinadas a las distintas zonales asentadas en el interior provincial\u201d. El funcionario agreg\u00f3 que \u201ca trav\u00e9s de estas dependencias se mantienen las rutas primarias, caminos rurales y accesos a localidades\u201d.<\/p>\n<p>&nbsp;<\/p>\n<p>En tanto el director de la direcci\u00f3n de Mantenimiento, Oscar Ancilleotti, destac\u00f3 el reequipamiento llevado adelante por la repartici\u00f3n al indicar que \u201cfavorece la optimizaci\u00f3n de los trabajos que a diarios ejecutan las cuadrillas de las zonales. Con los tractores pala retro se pueden llevar adelante trabajos en las calzadas, hacer zanjas, desag\u00fces, trabajar en los puentes\u201d, precis\u00f3. \u201cTenemos que decidir en base a las necesidades a qu\u00e9 zonales van destinadas las nuevas maquinarias\u201d, agreg\u00f3.<\/p>\n<p>&nbsp;<\/p>\n<p>En ese plan de inversi\u00f3n ingresaron en los \u00faltimos d\u00edas 10 tractores pala retro New Holland y 10 camiones Mercede Benz. Tambi\u00e9n se incorpor\u00f3 un elevador hidr\u00e1ulico de brazos articulados en dos tramos. Tiene una altura operativa de 13 metros y est\u00e1 montado sobre un cami\u00f3n de una potencia de 150 CV turbo alimentado. Adem\u00e1s dicho dispositivo posee tres estaciones de control independiente, de estabilizadores, desde la cesta y desde la columna. \u201cLa adquisici\u00f3n de esta maquinaria ayudar\u00e1 a complementar el equipamiento de trabajo del departamento de Iluminaci\u00f3n y Semaforizaci\u00f3n dependiente de Conservaci\u00f3n. Tambi\u00e9n ingres\u00f3 un cami\u00f3n liviano destinado a la secci\u00f3n ajuste\u201d, dijo Ancilleotti.<\/p>\n<p>&nbsp;<\/p>\n<p>Dentro de unos d\u00edas ingresar\u00e1n 13 pick up cabina simple y 10 camiones Mercedes que ser\u00e1n destinadas a las diferentes zonales.<\/p>\n<p>&nbsp;<\/p>\n<p>Inform\u00f3 que se dot\u00f3 a los talleres de tecnolog\u00eda de \u00faltima generaci\u00f3n que apunta a mejorar la seguridad de los empleados. \u201cTenemos scaner, tratamos de erradicar las fosas que son peligrosas por eso estamos por incorporar dos autoelevadores. En laboratorio diesel contamos con un banco de prueba que se incorpor\u00f3 en 2010. Nuestro objetivo y viejo anhelo es incorporar una rectificadora de cig\u00fce\u00f1al\u201d, se\u00f1al\u00f3.<\/p>\n<p>&nbsp;<\/p>\n<p>La inversi\u00f3n por unos 36 millones de pesos abarca la adquisici\u00f3n de la siguiente maquinaria:<\/p>\n<p>&#8211; 10 Tractor Retroexcavador<\/p>\n<p>&#8211; 3 Acoplado Carret\u00f3n de cuatro ejes<\/p>\n<p>&#8211; 13 Camioneta tipo pick up<\/p>\n<p>&#8211; 10 Cami\u00f3n con caja trivuelco.<\/p>\n","protected":false},"excerpt":{"rendered":"<p>A fin de reforzar el intenso trabajo de rehabilitaci\u00f3n de la red secundaria y terciaria emprendida por la actual gesti\u00f3n de gobierno, se destaca la compra de tractores, retroexcavadoras, camiones, camionetas y equipos varios. El monto de inversi\u00f3n supera los 36 millones de pesos &nbsp; &nbsp; &nbsp; &nbsp; &nbsp; La titular de la Direcci\u00f3n Provincial de Vialidad, Alicia Ben\u00edtez, destac\u00f3 la inversi\u00f3n por unos 36 millones de pesos en maquinarias que ser\u00e1n destinadas a las zonales. \u201cCon esta inversi\u00f3n se pretende sumar equipamiento vial y reforzar las tareas de las&#8230;<\/p>\n","protected":false},"author":3,"featured_media":4024,"comment_status":"closed","ping_status":"closed","sticky":false,"template":"","format":"standard","meta":[],"categories":[15],"tags":[],"_links":{"self":[{"href":"https:\/\/www.actualidadadiario.com\/index.php\/wp-json\/wp\/v2\/posts\/4023"}],"collection":[{"href":"https:\/\/www.actualidadadiario.com\/index.php\/wp-json\/wp\/v2\/posts"}],"about":[{"href":"https:\/\/www.actualidadadiario.com\/index.php\/wp-json\/wp\/v2\/types\/post"}],"author":[{"embeddable":true,"href":"https:\/\/www.actualidadadiario.com\/index.php\/wp-json\/wp\/v2\/users\/3"}],"replies":[{"embeddable":true,"href":"https:\/\/www.actualidadadiario.com\/index.php\/wp-json\/wp\/v2\/comments?post=4023"}],"version-history":[{"count":1,"href":"https:\/\/www.actualidadadiario.com\/index.php\/wp-json\/wp\/v2\/posts\/4023\/revisions"}],"predecessor-version":[{"id":4025,"href":"https:\/\/www.actualidadadiario.com\/index.php\/wp-json\/wp\/v2\/posts\/4023\/revisions\/4025"}],"wp:featuredmedia":[{"embeddable":true,"href":"https:\/\/www.actualidadadiario.com\/index.php\/wp-json\/wp\/v2\/media\/4024"}],"wp:attachment":[{"href":"https:\/\/www.actualidadadiario.com\/index.php\/wp-json\/wp\/v2\/media?parent=4023"}],"wp:term":[{"taxonomy":"category","embeddable":true,"href":"https:\/\/www.actualidadadiario.com\/index.php\/wp-json\/wp\/v2\/categories?post=4023"},{"taxonomy":"post_tag","embeddable":true,"href":"https:\/\/www.actualidadadiario.com\/index.php\/wp-json\/wp\/v2\/tags?post=4023"}],"curies":[{"name":"wp","href":"https:\/\/api.w.org\/{rel}","templated":true}]}}