{"id":4020,"date":"2016-11-07T10:03:08","date_gmt":"2016-11-07T13:03:08","guid":{"rendered":"http:\/\/actualidadadiario.com\/site\/?p=4020"},"modified":"2016-11-07T10:03:08","modified_gmt":"2016-11-07T13:03:08","slug":"desde-este-martes-se-podra-visitar-la-muestra-evita-marcha","status":"publish","type":"post","link":"https:\/\/www.actualidadadiario.com\/index.php\/2016\/11\/07\/desde-este-martes-se-podra-visitar-la-muestra-evita-marcha\/","title":{"rendered":"Desde este martes se podr\u00e1 visitar la muestra Evita Marcha"},"content":{"rendered":"<p><em><strong>A partir del martes 8 y hasta el 21 el noviembre podr\u00e1 ser visitada la muestra itinerante Evita Marcha, que re\u00fane piezas hist\u00f3ricas sobre la vida y obra de Eva Per\u00f3n, y que ser\u00e1 expuesta en el Museo de Casa de Gobierno. Los elementos pertenecen al Instituto de Investigaciones Hist\u00f3ricas \u2013 Museo Evita y fueron tra\u00eddos a trav\u00e9s de un trabajo conjunto con el gobierno provincial<\/strong><\/em><\/p>\n<p>&nbsp;<\/p>\n<p>&nbsp;<\/p>\n<p>&nbsp;<\/p>\n<p>&nbsp;<\/p>\n<p>&nbsp;<\/p>\n<p>El acto de inauguraci\u00f3n ser\u00e1 este lunes, a las 17, y se espera la presencia de la presidenta del Instituto de Investigaciones Hist\u00f3ricas Eva Per\u00f3n, Cristina \u00c1lvarez Rodr\u00edguez, y del coordinador del Museo Evita, Carlos Tonelli. El p\u00fablico podr\u00e1 acceder a partir del martes 8.<\/p>\n<p>&nbsp;<\/p>\n<p>Seg\u00fan explic\u00f3 el responsable del Museo de Casa de Gobierno, Carlos Cicognini, esta muestra \u201cconsiste en una breve rese\u00f1a de la vida de Evita, desde la ni\u00f1ez, su actividad como actriz, la actividad pol\u00edtica, todo lo que signific\u00f3 el trabajo del voto femenino y objetos que corresponden a su labor en la historia argentina, como juguetes de la Fundaci\u00f3n Eva Per\u00f3n; algunas vestimentas que ella utilizaba en distintas situaciones, como zapatos, sombreros, vestidos; recortes de revistas y diarios de la \u00e9poca. Es un material que ha atesorado el Museo Evita y los presta a nuestro museo\u201d.<\/p>\n<p>&nbsp;<\/p>\n<p>Explic\u00f3 que \u201cla muestra va a ocupar una parte de las salas del museo, donde se exhibir\u00e1n numerosos banners mostrando todo el proceso de la vida de Evita en la Argentina. Adem\u00e1s, los visitantes podr\u00e1n acceder a visitas guiadas cada 30 minutos\u201d.<\/p>\n<p>&nbsp;<\/p>\n<p>La exposici\u00f3n podr\u00e1 ser visitada desde el 8 al 21 de noviembre, de lunes a viernes de 9 a 18; y s\u00e1bados y domingos de 9 a 12 y de 17 a 20.<\/p>\n<p>&nbsp;<\/p>\n<p>\u201cEste es un esfuerzo que realiza el gobierno provincial, dado que la pol\u00edtica del gobernador Gustavo Bordet es rescatar la memoria hist\u00f3rica de la poblaci\u00f3n, de las ciudades y apostar fuertemente a la cultura y a valorizar los espacios; una muestra de esto es este museo\u201d, finaliz\u00f3 Cicognini.<\/p>\n","protected":false},"excerpt":{"rendered":"<p>A partir del martes 8 y hasta el 21 el noviembre podr\u00e1 ser visitada la muestra itinerante Evita Marcha, que re\u00fane piezas hist\u00f3ricas sobre la vida y obra de Eva Per\u00f3n, y que ser\u00e1 expuesta en el Museo de Casa de Gobierno. Los elementos pertenecen al Instituto de Investigaciones Hist\u00f3ricas \u2013 Museo Evita y fueron tra\u00eddos a trav\u00e9s de un trabajo conjunto con el gobierno provincial &nbsp; &nbsp; &nbsp; &nbsp; &nbsp; El acto de inauguraci\u00f3n ser\u00e1 este lunes, a las 17, y se espera la presencia de la presidenta del&#8230;<\/p>\n","protected":false},"author":3,"featured_media":4021,"comment_status":"closed","ping_status":"closed","sticky":false,"template":"","format":"standard","meta":[],"categories":[15],"tags":[],"_links":{"self":[{"href":"https:\/\/www.actualidadadiario.com\/index.php\/wp-json\/wp\/v2\/posts\/4020"}],"collection":[{"href":"https:\/\/www.actualidadadiario.com\/index.php\/wp-json\/wp\/v2\/posts"}],"about":[{"href":"https:\/\/www.actualidadadiario.com\/index.php\/wp-json\/wp\/v2\/types\/post"}],"author":[{"embeddable":true,"href":"https:\/\/www.actualidadadiario.com\/index.php\/wp-json\/wp\/v2\/users\/3"}],"replies":[{"embeddable":true,"href":"https:\/\/www.actualidadadiario.com\/index.php\/wp-json\/wp\/v2\/comments?post=4020"}],"version-history":[{"count":1,"href":"https:\/\/www.actualidadadiario.com\/index.php\/wp-json\/wp\/v2\/posts\/4020\/revisions"}],"predecessor-version":[{"id":4022,"href":"https:\/\/www.actualidadadiario.com\/index.php\/wp-json\/wp\/v2\/posts\/4020\/revisions\/4022"}],"wp:featuredmedia":[{"embeddable":true,"href":"https:\/\/www.actualidadadiario.com\/index.php\/wp-json\/wp\/v2\/media\/4021"}],"wp:attachment":[{"href":"https:\/\/www.actualidadadiario.com\/index.php\/wp-json\/wp\/v2\/media?parent=4020"}],"wp:term":[{"taxonomy":"category","embeddable":true,"href":"https:\/\/www.actualidadadiario.com\/index.php\/wp-json\/wp\/v2\/categories?post=4020"},{"taxonomy":"post_tag","embeddable":true,"href":"https:\/\/www.actualidadadiario.com\/index.php\/wp-json\/wp\/v2\/tags?post=4020"}],"curies":[{"name":"wp","href":"https:\/\/api.w.org\/{rel}","templated":true}]}}