{"id":4017,"date":"2016-11-07T10:02:14","date_gmt":"2016-11-07T13:02:14","guid":{"rendered":"http:\/\/actualidadadiario.com\/site\/?p=4017"},"modified":"2016-11-07T10:02:14","modified_gmt":"2016-11-07T13:02:14","slug":"la-provincia-cuenta-con-la-nueva-responsable-del-programa-de-vihsida","status":"publish","type":"post","link":"https:\/\/www.actualidadadiario.com\/index.php\/2016\/11\/07\/la-provincia-cuenta-con-la-nueva-responsable-del-programa-de-vihsida\/","title":{"rendered":"La provincia cuenta con la nueva responsable del Programa de VIH\/Sida"},"content":{"rendered":"<p><em><strong>Asumi\u00f3 como responsable del Programa Provincial de VIH\/Sida y Enfermedades de Transmisi\u00f3n Sexual (ETS) del Ministerio de Salud de Entre R\u00edos, la doctora Mar\u00eda Laura D\u00edaz Petrussi. La flamante funcionaria asegur\u00f3 que continuar\u00e1 en la misma l\u00ednea de trabajo que se ven\u00eda desarrollando en las anteriores gestiones, y tendr\u00e1 como principal objetivo trabajar en la prevenci\u00f3n y promoci\u00f3n de estas patolog\u00edas en el territorio entrerriano<\/strong><\/em><\/p>\n<p>&nbsp;<\/p>\n<p>&nbsp;<\/p>\n<p>&nbsp;<\/p>\n<p>&nbsp;<\/p>\n<p>&nbsp;<\/p>\n<p>Bajo una fuerte impronta de derechos y de garantizar el acceso confidencial de los pacientes a los servicios sanitarios, el Ministerio de Salud de Entre R\u00edos relanz\u00f3 el Programa Provincial de VIH\/Sida y ETS que depende de la Direcci\u00f3n de Epidemiolog\u00eda de la cartera sanitaria, por medio de la puesta en funciones de la nueva responsable, la doctora Mar\u00eda Laura D\u00edaz Petrussi, quien hace 10 a\u00f1os viene trabajando en la tem\u00e1tica en el servicio de Infectolog\u00eda del hospital San Mart\u00edn de Paran\u00e1, y reemplazar\u00e1 a Diana Acebedo.<\/p>\n<p>&nbsp;<\/p>\n<p>La profesional mantuvo una reuni\u00f3n con el director de Epidemiolog\u00eda de la provincia, Diego Garcilazo, de quien depende el programa, y con la responsable saliente para efectivizar el recambio y relanzar el dispositivo con nuevas propuestas. En la oportunidad, D\u00edaz Petrussi, se\u00f1al\u00f3: \u201cA fines de septiembre, me llam\u00f3 el ministro Ariel de la Rosa para ofrecerme que tomara este gran desaf\u00edo de conducir el programa, y poner en boca de todos los ciudadanos de la provincia que esta problem\u00e1tica se encuentra en crecimiento. A ra\u00edz de ello, hay que trabajar fuertemente en la prevenci\u00f3n, ense\u00f1arles y explicarles a los m\u00e1s chicos que esto es parte de una enfermedad de transmisi\u00f3n sexual, que no se cura, es prevenible y tiene tratamiento\u201d.<\/p>\n<p>&nbsp;<\/p>\n<p>Con la expectativa de dar continuidad a las pol\u00edticas sanitarias de f\u00e1cil acceso a los tratamientos para estas patolog\u00edas, la profesional de la salud, quien asumi\u00f3 el cargo a trav\u00e9s de la resoluci\u00f3n N\u00ba 3325\/16, destac\u00f3: \u201cEl programa viene trabajando muy bien en lo que es la promoci\u00f3n del VIH\/Sida y las ETS. Vamos a continuar en esta l\u00ednea reforzando y haciendo hincapi\u00e9 en la promoci\u00f3n y prevenci\u00f3n de dicha patolog\u00eda\u201d.<\/p>\n<p>&nbsp;<\/p>\n<p>En el hospital San Mart\u00edn, entre enero y septiembre de este a\u00f1o, hubo 102 casos nuevos diagnosticados. En este sentido, la m\u00e9dica afirm\u00f3: \u201cEl inter\u00e9s est\u00e1 centrado en poder disminuir el n\u00famero de casos nuevos que se han presentado este a\u00f1o, que han sido muchos. La tendencia en la provincia no es diferente a la de Naci\u00f3n, que de igual modo los n\u00fameros han ido en aumento en los \u00faltimos tiempos\u201d.<\/p>\n<p>&nbsp;<\/p>\n<p>Frente a esta problem\u00e1tica, la expectativa es poder contar con multiplicadores de esta patolog\u00eda: \u201cQueremos contar con gente que capte a los pacientes, que podamos brindar un diagn\u00f3stico a tiempo, en una etapa temprana de la enfermedad, y no encontrarnos con que llegamos tarde. Para esto es importante concientizar tanto a la poblaci\u00f3n en general, como en las escuelas, ense\u00f1\u00e1ndoles a los m\u00e1s peque\u00f1os y a los adolescentes por qu\u00e9 deben usar un profil\u00e1ctico, por ejemplo\u201d, asever\u00f3 la responsable del programa.<\/p>\n<p>&nbsp;<\/p>\n<p>&nbsp;<\/p>\n<p>&nbsp;<\/p>\n<p>&nbsp;<\/p>\n<p>&nbsp;<\/p>\n<p>&nbsp;<\/p>\n<p><strong>Tratamiento adecuado <\/strong><\/p>\n<p>El programa de VIH\/Sida y ETS realiza el trabajo junto a la Direcci\u00f3n de Sida y ETS, dependiente del Ministerio de Salud de la Naci\u00f3n, que provee los tratamientos, como as\u00ed tambi\u00e9n los reactivos para realizar los diferentes an\u00e1lisis.<\/p>\n<p>&nbsp;<\/p>\n<p>\u201cDesde el programa hacemos la parte administrativa, en lo referente a la distribuci\u00f3n de los medicamentos que env\u00edan desde Naci\u00f3n. En lo que respecta a la parte asistencial de los pacientes se trabaja en los hospitales p\u00fablicos cabecera: en Paran\u00e1, en el San Mart\u00edn; en Concordia, en el Masvernat y en el Felipe Heras; en Concepci\u00f3n del Uruguay, en el Justo Jos\u00e9 de Urquiza; en Gualeguaych\u00fa, en el Centenario; y en otros hospitales\u201d, explic\u00f3 D\u00edaz Petrussi.<\/p>\n<p>&nbsp;<\/p>\n<p>Asimismo, la profesional indic\u00f3: \u201cEl VIH\/Sida y las ETS son enfermedades que hoy se tratan. Los pacientes andan bien, tienen una expectativa de vida similar a una persona que no conviva con esta patolog\u00eda. En cuanto a los tratamientos, hoy son muy simples, a diferencia de lo que suced\u00eda antes que la persona ten\u00eda que tomar 10 o 15 pastillas por d\u00eda. Hoy en d\u00eda s\u00f3lo tomando una pastilla estamos tratando el virus\u201d.<\/p>\n<p>&nbsp;<\/p>\n<p>En cuanto al control de la enfermedad, la responsable del programa afirm\u00f3 que son pacientes que deben controlarse como cualquier persona que tenga una enfermedad cr\u00f3nica.<\/p>\n<p>&nbsp;<\/p>\n<p>&nbsp;<\/p>\n<p>&nbsp;<\/p>\n<p>&nbsp;<\/p>\n<p>&nbsp;<\/p>\n<p>&nbsp;<\/p>\n<p><strong>Testeos gratuitos y confidenciales <\/strong><\/p>\n<p>Para los interesados en realizarse un an\u00e1lisis de VIH, en Paran\u00e1 se encuentra a disposici\u00f3n el laboratorio de Epidemiolog\u00eda, en calle Santa Fe 250, donde se pueden realizar en forma voluntaria, gratuita y confidencial.<\/p>\n<p>&nbsp;<\/p>\n<p>Adem\u00e1s, en la provincia se llevan a cabo los tests r\u00e1pidos en centros de salud, para quienes no puedan acercarse al laboratorio o a los hospitales cabecera. En ninguno de los casos se necesita un pedido m\u00e9dico y no tiene ning\u00fan costo de dinero.<\/p>\n<p>&nbsp;<\/p>\n<p><strong>Actividades por la semana de Lucha contra el Sida <\/strong><\/p>\n<p>Entre el 28 de noviembre y el 3 de diciembre se desarrollar\u00e1n actividades de prevenci\u00f3n y promoci\u00f3n en Entre R\u00edos.<\/p>\n<p>&nbsp;<\/p>\n<p>En relaci\u00f3n a este tema, D\u00edaz Petrussi adelant\u00f3: \u201cQueremos sensibilizar a la gente, poner en el tapete esta patolog\u00eda, para poder revertir la tendencia en aumento que tenemos a nivel provincial y nacional. Vamos a estar abocados a diferentes sectores de la poblaci\u00f3n, tratando de que todos puedan tomar contacto con el tema\u201d.<\/p>\n","protected":false},"excerpt":{"rendered":"<p>Asumi\u00f3 como responsable del Programa Provincial de VIH\/Sida y Enfermedades de Transmisi\u00f3n Sexual (ETS) del Ministerio de Salud de Entre R\u00edos, la doctora Mar\u00eda Laura D\u00edaz Petrussi. La flamante funcionaria asegur\u00f3 que continuar\u00e1 en la misma l\u00ednea de trabajo que se ven\u00eda desarrollando en las anteriores gestiones, y tendr\u00e1 como principal objetivo trabajar en la prevenci\u00f3n y promoci\u00f3n de estas patolog\u00edas en el territorio entrerriano &nbsp; &nbsp; &nbsp; &nbsp; &nbsp; Bajo una fuerte impronta de derechos y de garantizar el acceso confidencial de los pacientes a los servicios sanitarios, el&#8230;<\/p>\n","protected":false},"author":3,"featured_media":4018,"comment_status":"closed","ping_status":"closed","sticky":false,"template":"","format":"standard","meta":[],"categories":[15],"tags":[],"_links":{"self":[{"href":"https:\/\/www.actualidadadiario.com\/index.php\/wp-json\/wp\/v2\/posts\/4017"}],"collection":[{"href":"https:\/\/www.actualidadadiario.com\/index.php\/wp-json\/wp\/v2\/posts"}],"about":[{"href":"https:\/\/www.actualidadadiario.com\/index.php\/wp-json\/wp\/v2\/types\/post"}],"author":[{"embeddable":true,"href":"https:\/\/www.actualidadadiario.com\/index.php\/wp-json\/wp\/v2\/users\/3"}],"replies":[{"embeddable":true,"href":"https:\/\/www.actualidadadiario.com\/index.php\/wp-json\/wp\/v2\/comments?post=4017"}],"version-history":[{"count":1,"href":"https:\/\/www.actualidadadiario.com\/index.php\/wp-json\/wp\/v2\/posts\/4017\/revisions"}],"predecessor-version":[{"id":4019,"href":"https:\/\/www.actualidadadiario.com\/index.php\/wp-json\/wp\/v2\/posts\/4017\/revisions\/4019"}],"wp:featuredmedia":[{"embeddable":true,"href":"https:\/\/www.actualidadadiario.com\/index.php\/wp-json\/wp\/v2\/media\/4018"}],"wp:attachment":[{"href":"https:\/\/www.actualidadadiario.com\/index.php\/wp-json\/wp\/v2\/media?parent=4017"}],"wp:term":[{"taxonomy":"category","embeddable":true,"href":"https:\/\/www.actualidadadiario.com\/index.php\/wp-json\/wp\/v2\/categories?post=4017"},{"taxonomy":"post_tag","embeddable":true,"href":"https:\/\/www.actualidadadiario.com\/index.php\/wp-json\/wp\/v2\/tags?post=4017"}],"curies":[{"name":"wp","href":"https:\/\/api.w.org\/{rel}","templated":true}]}}