{"id":4014,"date":"2016-11-07T10:01:18","date_gmt":"2016-11-07T13:01:18","guid":{"rendered":"http:\/\/actualidadadiario.com\/site\/?p=4014"},"modified":"2016-11-07T10:01:18","modified_gmt":"2016-11-07T13:01:18","slug":"bordet-ratifico-el-compromiso-de-trabajar-para-vivir-sin-violencia","status":"publish","type":"post","link":"https:\/\/www.actualidadadiario.com\/index.php\/2016\/11\/07\/bordet-ratifico-el-compromiso-de-trabajar-para-vivir-sin-violencia\/","title":{"rendered":"Bordet ratific\u00f3 el compromiso de trabajar para vivir sin violencia"},"content":{"rendered":"<p><em><strong>El gobernador Gustavo Bordet expres\u00f3 sus condolencias por los femicidios de Miriam Ibarra y Lidia Milesi, y acompa\u00f1\u00f3 a sus familias en el dolor. \u201cNo habr\u00e1 consuelo y las palabras en estos momentos podr\u00e1n parecer vac\u00edas\u201d, afirm\u00f3 el mandatario<\/strong><\/em><\/p>\n<p>&nbsp;<\/p>\n<p>&nbsp;<\/p>\n<p>&nbsp;<\/p>\n<p>&nbsp;<\/p>\n<p>\u201cMi abrazo m\u00e1s fuerte para las familias de Miriam y Lidia v\u00edctimas de un acto atroz. Nuestro acompa\u00f1amiento en el dolor. No habr\u00e1 consuelo y las palabras en estos momentos podr\u00e1n parecer vac\u00edas\u201d, expres\u00f3 Bordet.<\/p>\n<p>&nbsp;<\/p>\n<p>Asimismo, dijo que \u201cno miramos hacia el costado y ratificamos nuestro compromiso de trabajar en todo lo que est\u00e9 a nuestro alcance para lograr una sociedad m\u00e1s equitativa, integrada y en la que exista plenitud de derechos. El primero: a vivir sin violencia\u201d.<\/p>\n","protected":false},"excerpt":{"rendered":"<p>El gobernador Gustavo Bordet expres\u00f3 sus condolencias por los femicidios de Miriam Ibarra y Lidia Milesi, y acompa\u00f1\u00f3 a sus familias en el dolor. \u201cNo habr\u00e1 consuelo y las palabras en estos momentos podr\u00e1n parecer vac\u00edas\u201d, afirm\u00f3 el mandatario &nbsp; &nbsp; &nbsp; &nbsp; \u201cMi abrazo m\u00e1s fuerte para las familias de Miriam y Lidia v\u00edctimas de un acto atroz. Nuestro acompa\u00f1amiento en el dolor. No habr\u00e1 consuelo y las palabras en estos momentos podr\u00e1n parecer vac\u00edas\u201d, expres\u00f3 Bordet. &nbsp; Asimismo, dijo que \u201cno miramos hacia el costado y ratificamos nuestro&#8230;<\/p>\n","protected":false},"author":3,"featured_media":4015,"comment_status":"closed","ping_status":"closed","sticky":false,"template":"","format":"standard","meta":[],"categories":[9],"tags":[],"_links":{"self":[{"href":"https:\/\/www.actualidadadiario.com\/index.php\/wp-json\/wp\/v2\/posts\/4014"}],"collection":[{"href":"https:\/\/www.actualidadadiario.com\/index.php\/wp-json\/wp\/v2\/posts"}],"about":[{"href":"https:\/\/www.actualidadadiario.com\/index.php\/wp-json\/wp\/v2\/types\/post"}],"author":[{"embeddable":true,"href":"https:\/\/www.actualidadadiario.com\/index.php\/wp-json\/wp\/v2\/users\/3"}],"replies":[{"embeddable":true,"href":"https:\/\/www.actualidadadiario.com\/index.php\/wp-json\/wp\/v2\/comments?post=4014"}],"version-history":[{"count":1,"href":"https:\/\/www.actualidadadiario.com\/index.php\/wp-json\/wp\/v2\/posts\/4014\/revisions"}],"predecessor-version":[{"id":4016,"href":"https:\/\/www.actualidadadiario.com\/index.php\/wp-json\/wp\/v2\/posts\/4014\/revisions\/4016"}],"wp:featuredmedia":[{"embeddable":true,"href":"https:\/\/www.actualidadadiario.com\/index.php\/wp-json\/wp\/v2\/media\/4015"}],"wp:attachment":[{"href":"https:\/\/www.actualidadadiario.com\/index.php\/wp-json\/wp\/v2\/media?parent=4014"}],"wp:term":[{"taxonomy":"category","embeddable":true,"href":"https:\/\/www.actualidadadiario.com\/index.php\/wp-json\/wp\/v2\/categories?post=4014"},{"taxonomy":"post_tag","embeddable":true,"href":"https:\/\/www.actualidadadiario.com\/index.php\/wp-json\/wp\/v2\/tags?post=4014"}],"curies":[{"name":"wp","href":"https:\/\/api.w.org\/{rel}","templated":true}]}}