{"id":4008,"date":"2016-11-07T09:58:41","date_gmt":"2016-11-07T12:58:41","guid":{"rendered":"http:\/\/actualidadadiario.com\/site\/?p=4008"},"modified":"2016-11-07T09:58:41","modified_gmt":"2016-11-07T12:58:41","slug":"la-recesion-se-prolonga-y-estiman-que-caida-de-la-economia-superara-2","status":"publish","type":"post","link":"https:\/\/www.actualidadadiario.com\/index.php\/2016\/11\/07\/la-recesion-se-prolonga-y-estiman-que-caida-de-la-economia-superara-2\/","title":{"rendered":"La recesi\u00f3n se prolonga y estiman que ca\u00edda de la econom\u00eda superar\u00e1 2%"},"content":{"rendered":"<p><em><strong>Los datos que se van conociendo de octubre no son muy alentadores. La expectativa se focaliza en que los brotes verdes se evidencien en el \u00faltimo trimestre<\/strong><\/em><\/p>\n<p>&nbsp;<\/p>\n<p>&nbsp;<\/p>\n<p>&nbsp;<\/p>\n<p>&nbsp;<\/p>\n<p>El proyecto de presupuesto para 2017 estima que la contracci\u00f3n en la econom\u00eda durante este a\u00f1o ser\u00e1 de 1,5%. Sin embargo, los datos conocidos hasta ahora de octubre hicieron prever a los analistas que la ca\u00edda ser\u00e1 mayor a la proyectada originalmente. As\u00ed coinciden los analistas consultados que, adem\u00e1s de llevar sus previsiones a la baja, ubican en el \u00faltimo cuatrimestre al per\u00edodo en el que, finalmente, se empiecen a evidenciar los tan esperados \u201cbrotes verdes\u201d.<\/p>\n<p>&nbsp;<\/p>\n<p>\u201cEsperamos una ca\u00edda de entre 2 y 2,5% para este a\u00f1o\u201d, sostuvo el economista Gabriel Caama\u00f1o G\u00f3mez, de Consultora Ledesma. En el detalle por cuatrimestre identifica al \u00faltimo como el per\u00edodo en el que la actividad empieza a mostrar signos positivos, al menos en la variaci\u00f3n, de 1,1%, respecto al tercer trimestre. Aun as\u00ed, el a\u00f1o terminar\u00eda en negativo. \u201cEl motor va ser el consumo privado y obra p\u00fablica por el lado demanda, y servicios y construcci\u00f3n por el lado de la oferta\u201d, identific\u00f3.<\/p>\n<p>&nbsp;<\/p>\n<p>Seg\u00fan el \u00faltimo Relevamiento de Expectativas del Mercado (REM), difundido el mi\u00e9rcoles pasado, la previsi\u00f3n sobre el rumbo de la econom\u00eda es m\u00e1s pesimista para el promedio de los analistas que un mes atr\u00e1s: ahora esperan que en 2016 el PBI caiga\u00a0 2%, mientras que de la encuesta en septiembre surg\u00eda que esperaban una contracci\u00f3n menor, de 1,7%. El dato alentador es que, para el a\u00f1o pr\u00f3ximo, mantienen la expectativa de un crecimiento de 3,2%.<\/p>\n<p>&nbsp;<\/p>\n<p>Para Camilo Tiscornia, de CyT Asesores, la baja puede llegar ahora hasta 1,8%, aunque sostiene que podr\u00eda ser peor, pero que por ahora prefieren conservar la cautela. \u201cLa reactivaci\u00f3n es m\u00e1s bien lenta\u201d, describi\u00f3.<\/p>\n<p>\u201cLos datos de septiembre nos tomaron bastante por sorpresa. Y octubre con las lluvias va a complicarle bastante a la construcci\u00f3n\u201d, escenific\u00f3. Otro factor que subray\u00f3 es que se van revisando los datos oficiales del Indec, por lo tanto la primera parte del a\u00f1o fue peor a lo estimado originalmente.<\/p>\n<p>&nbsp;<\/p>\n<p>Entre los factores, adem\u00e1s de reconocer que los cambios en la Argentina tuvieron su impacto en la econom\u00eda, resalt\u00f3 que adem\u00e1s \u201cel ciclo econ\u00f3mico en la regi\u00f3n no est\u00e1 siendo muy bueno\u201d. Y describi\u00f3 que tanto Uruguay, Chile, Colombia y sobre todo Brasil (principal socio comercial argentino) atraviesan una situaci\u00f3n compleja.<\/p>\n<p>&nbsp;<\/p>\n<p>Desde el Ieral, instituto de investigaciones econ\u00f3micas de la Fundaci\u00f3n Mediterr\u00e1nea, sostienen que \u201clos primeros datos de octubre muestran que posiblemente la recesi\u00f3n de 2016 sea m\u00e1s profunda de lo estimado\u201d. Si bien no dan una cifra actualizada, recuerdan que \u201ca comienzos de a\u00f1o hab\u00edan previsto una ca\u00edda del PBI de 1,5% respecto de 2015\u201d.<\/p>\n<p>&nbsp;<\/p>\n<p>En ese aspecto, toma, entre los datos que analiza, uno clave: que la recaudaci\u00f3n de impuestos asociados al mercado interno cay\u00f3 8% en octubre en t\u00e9rminos reales, cuando en el tercer trimestre lo hab\u00eda hecho un 7,4%.<\/p>\n<p>\u201cDebe tenerse en cuenta, sin embargo, que se est\u00e1 comparando con meses del a\u00f1o pasado en los que se anticipaban consumos por la expectativa de devaluaci\u00f3n\u201d, record\u00f3.<\/p>\n<p>&nbsp;<\/p>\n<p>De todas formas, agrega un aspecto alentador, y es que los indicadores de confianza siguen mejorando, \u201cfen\u00f3meno que no se considera contradictorio con la contracci\u00f3n de la demanda: ocurre que la actual recesi\u00f3n responde m\u00e1s al cambio de precios relativos (por la inflaci\u00f3n reprimida heredada) que a un fen\u00f3meno de desconfianza y fuga de capitales\u201d.<\/p>\n","protected":false},"excerpt":{"rendered":"<p>Los datos que se van conociendo de octubre no son muy alentadores. La expectativa se focaliza en que los brotes verdes se evidencien en el \u00faltimo trimestre &nbsp; &nbsp; &nbsp; &nbsp; El proyecto de presupuesto para 2017 estima que la contracci\u00f3n en la econom\u00eda durante este a\u00f1o ser\u00e1 de 1,5%. Sin embargo, los datos conocidos hasta ahora de octubre hicieron prever a los analistas que la ca\u00edda ser\u00e1 mayor a la proyectada originalmente. As\u00ed coinciden los analistas consultados que, adem\u00e1s de llevar sus previsiones a la baja, ubican en el&#8230;<\/p>\n","protected":false},"author":3,"featured_media":4009,"comment_status":"closed","ping_status":"closed","sticky":false,"template":"","format":"standard","meta":[],"categories":[9],"tags":[],"_links":{"self":[{"href":"https:\/\/www.actualidadadiario.com\/index.php\/wp-json\/wp\/v2\/posts\/4008"}],"collection":[{"href":"https:\/\/www.actualidadadiario.com\/index.php\/wp-json\/wp\/v2\/posts"}],"about":[{"href":"https:\/\/www.actualidadadiario.com\/index.php\/wp-json\/wp\/v2\/types\/post"}],"author":[{"embeddable":true,"href":"https:\/\/www.actualidadadiario.com\/index.php\/wp-json\/wp\/v2\/users\/3"}],"replies":[{"embeddable":true,"href":"https:\/\/www.actualidadadiario.com\/index.php\/wp-json\/wp\/v2\/comments?post=4008"}],"version-history":[{"count":1,"href":"https:\/\/www.actualidadadiario.com\/index.php\/wp-json\/wp\/v2\/posts\/4008\/revisions"}],"predecessor-version":[{"id":4010,"href":"https:\/\/www.actualidadadiario.com\/index.php\/wp-json\/wp\/v2\/posts\/4008\/revisions\/4010"}],"wp:featuredmedia":[{"embeddable":true,"href":"https:\/\/www.actualidadadiario.com\/index.php\/wp-json\/wp\/v2\/media\/4009"}],"wp:attachment":[{"href":"https:\/\/www.actualidadadiario.com\/index.php\/wp-json\/wp\/v2\/media?parent=4008"}],"wp:term":[{"taxonomy":"category","embeddable":true,"href":"https:\/\/www.actualidadadiario.com\/index.php\/wp-json\/wp\/v2\/categories?post=4008"},{"taxonomy":"post_tag","embeddable":true,"href":"https:\/\/www.actualidadadiario.com\/index.php\/wp-json\/wp\/v2\/tags?post=4008"}],"curies":[{"name":"wp","href":"https:\/\/api.w.org\/{rel}","templated":true}]}}