{"id":4005,"date":"2016-11-07T09:57:36","date_gmt":"2016-11-07T12:57:36","guid":{"rendered":"http:\/\/actualidadadiario.com\/site\/?p=4005"},"modified":"2016-11-07T09:57:36","modified_gmt":"2016-11-07T12:57:36","slug":"fuerte-cruce-entre-cristina-y-el-titular-del-pami-por-una-denuncia-sobre-despidos-de-medicos","status":"publish","type":"post","link":"https:\/\/www.actualidadadiario.com\/index.php\/2016\/11\/07\/fuerte-cruce-entre-cristina-y-el-titular-del-pami-por-una-denuncia-sobre-despidos-de-medicos\/","title":{"rendered":"Fuerte cruce entre Cristina y el titular del PAMI por una denuncia sobre despidos de m\u00e9dicos"},"content":{"rendered":"<p><em><strong>La ex presidenta comparti\u00f3 un art\u00edculo que denunciaba que el Gobierno despidi\u00f3 a todos los m\u00e9dicos de cabecera del PAMI y el titular del organismo respondi\u00f3 que est\u00e1 &#8220;desinformada&#8221;<\/strong><\/em><\/p>\n<p>&nbsp;<\/p>\n<p>&nbsp;<\/p>\n<p>&nbsp;<\/p>\n<p>&nbsp;<\/p>\n<p>&nbsp;<\/p>\n<p>&nbsp;<\/p>\n<p>El titular del PAMI, Carlos Regazzoni, afirm\u00f3 hoy que &#8220;ninguno de los m\u00e9dicos de cabecera&#8221; de ese organismo &#8220;va a quedar afuera del nuevo sistema&#8221; y respondi\u00f3 as\u00ed las declaraciones vertidas por la ex presidenta Cristina Fern\u00e1ndez de Kirchner en distintas redes sociales.<\/p>\n<p>&nbsp;<\/p>\n<p>&#8220;Ninguno de los actuales m\u00e9dicos de cabecera de PAMI va a quedar afuera del nuevo sistema, todos son libres de adherir&#8221;, sostuvo Regazzoni en su cuenta personal de la red social Twitter y a trav\u00e9s de un comunicado de prensa.<\/p>\n<p>&nbsp;<\/p>\n<p>El titular del PAMI le respondi\u00f3 a la ex mandataria, que hab\u00eda deslizado a trav\u00e9s de Twitter y Facebook que &#8220;el gobierno despidi\u00f3 a todos los m\u00e9dicos de cabecera&#8221; del organismo que presta asistencia m\u00e9dica integral para jubilados y pensionados.<\/p>\n<p>&nbsp;<\/p>\n<p>&#8220;Los m\u00e9dicos de cabecera del PAMI denunciaron que el gobierno rescindi\u00f3 sus contratos a partir del 30 de noviembre&#8221;, dec\u00eda el primer p\u00e1rrafo del art\u00edculo compartido por la ex mandataria que inclu\u00eda un comunicado de Asociaci\u00f3n de Profesionales de Programa de Atenci\u00f3n M\u00e9dica Integral y Afines (APPAMIA).<\/p>\n<p>&nbsp;<\/p>\n<p>El comunicado reproducido por la ex jefa de Estado sosten\u00eda que el PAMI no hab\u00eda abonado los salarios a los m\u00e9dicos de cabecera del sistema por lo que si el pago no se efectuaba en las pr\u00f3ximas 72 horas suspender\u00edan la atenci\u00f3n de los pacientes.<\/p>\n<p>&nbsp;<\/p>\n<p>\u201cEstoy sorprendido por el nivel de desinformaci\u00f3n con el que la se\u00f1ora Cristina Fern\u00e1ndez se refiri\u00f3 al PAMI en el d\u00eda de hoy. La informaci\u00f3n dada por la se\u00f1ora ex Presidenta es en realidad desinformaci\u00f3n pura&#8221;, sostuvo Regazzoni.<\/p>\n<p>&nbsp;<\/p>\n<p>&#8220;Quiz\u00e1 est\u00e9 desinformada porque la informaron los mismos que le recetaban medicamentos a 400 mil afiliados fallecidos. O quiz\u00e1s la informaron quienes abandonaron 16 mil sillas de ruedas. O quienes jam\u00e1s licitaron el servicio de ambulancias, permitiendo demoras de hasta 18 horas y viajes tan facturados como inexistentes\u201d, manifest\u00f3.<\/p>\n<p>&nbsp;<\/p>\n<p>En la misma l\u00ednea, el titular del PAMI agreg\u00f3: &#8220;Por primera vez en 45 a\u00f1os modernizamos un sistema que generaba muchas quejas de nuestros afiliados y que estaba desactualizado. El nuevo sistema de M\u00e9dicos De Cabecera permitir\u00e1 que los pacientes reciban la atenci\u00f3n de calidad que se merecen&#8221;.<\/p>\n","protected":false},"excerpt":{"rendered":"<p>La ex presidenta comparti\u00f3 un art\u00edculo que denunciaba que el Gobierno despidi\u00f3 a todos los m\u00e9dicos de cabecera del PAMI y el titular del organismo respondi\u00f3 que est\u00e1 &#8220;desinformada&#8221; &nbsp; &nbsp; &nbsp; &nbsp; &nbsp; &nbsp; El titular del PAMI, Carlos Regazzoni, afirm\u00f3 hoy que &#8220;ninguno de los m\u00e9dicos de cabecera&#8221; de ese organismo &#8220;va a quedar afuera del nuevo sistema&#8221; y respondi\u00f3 as\u00ed las declaraciones vertidas por la ex presidenta Cristina Fern\u00e1ndez de Kirchner en distintas redes sociales. &nbsp; &#8220;Ninguno de los actuales m\u00e9dicos de cabecera de PAMI va a&#8230;<\/p>\n","protected":false},"author":3,"featured_media":4006,"comment_status":"closed","ping_status":"closed","sticky":false,"template":"","format":"standard","meta":[],"categories":[18],"tags":[],"_links":{"self":[{"href":"https:\/\/www.actualidadadiario.com\/index.php\/wp-json\/wp\/v2\/posts\/4005"}],"collection":[{"href":"https:\/\/www.actualidadadiario.com\/index.php\/wp-json\/wp\/v2\/posts"}],"about":[{"href":"https:\/\/www.actualidadadiario.com\/index.php\/wp-json\/wp\/v2\/types\/post"}],"author":[{"embeddable":true,"href":"https:\/\/www.actualidadadiario.com\/index.php\/wp-json\/wp\/v2\/users\/3"}],"replies":[{"embeddable":true,"href":"https:\/\/www.actualidadadiario.com\/index.php\/wp-json\/wp\/v2\/comments?post=4005"}],"version-history":[{"count":1,"href":"https:\/\/www.actualidadadiario.com\/index.php\/wp-json\/wp\/v2\/posts\/4005\/revisions"}],"predecessor-version":[{"id":4007,"href":"https:\/\/www.actualidadadiario.com\/index.php\/wp-json\/wp\/v2\/posts\/4005\/revisions\/4007"}],"wp:featuredmedia":[{"embeddable":true,"href":"https:\/\/www.actualidadadiario.com\/index.php\/wp-json\/wp\/v2\/media\/4006"}],"wp:attachment":[{"href":"https:\/\/www.actualidadadiario.com\/index.php\/wp-json\/wp\/v2\/media?parent=4005"}],"wp:term":[{"taxonomy":"category","embeddable":true,"href":"https:\/\/www.actualidadadiario.com\/index.php\/wp-json\/wp\/v2\/categories?post=4005"},{"taxonomy":"post_tag","embeddable":true,"href":"https:\/\/www.actualidadadiario.com\/index.php\/wp-json\/wp\/v2\/tags?post=4005"}],"curies":[{"name":"wp","href":"https:\/\/api.w.org\/{rel}","templated":true}]}}