{"id":3996,"date":"2016-11-07T09:54:41","date_gmt":"2016-11-07T12:54:41","guid":{"rendered":"http:\/\/actualidadadiario.com\/site\/?p=3996"},"modified":"2016-11-07T09:54:42","modified_gmt":"2016-11-07T12:54:42","slug":"el-secretario-de-ddhh-de-macri-estamos-de-acuerdo-con-los-dichos-de-pichetto","status":"publish","type":"post","link":"https:\/\/www.actualidadadiario.com\/index.php\/2016\/11\/07\/el-secretario-de-ddhh-de-macri-estamos-de-acuerdo-con-los-dichos-de-pichetto\/","title":{"rendered":"El secretario de DDHH. de Macri: &#8220;Estamos de acuerdo con los dichos de Pichetto&#8221;"},"content":{"rendered":"<p><em><strong>Claudio Avruj coincidi\u00f3 con las lamentables frases del senador peronista sobre los inmigrantes<\/strong><\/em><\/p>\n<p>&nbsp;<\/p>\n<p>&nbsp;<\/p>\n<p>&nbsp;<\/p>\n<p>El secretario de Derechos Humanos Claudio Avruj sali\u00f3 a respaldar los lamentables dichos del senador Miguel \u00c1ngel Pichetto sobre los inmigrantes.<\/p>\n<p>&nbsp;<\/p>\n<p>El referente de DD.HH. del macrismo afirm\u00f3: &#8220;Nosotros estamos de acuerdo con las declaraciones de Pichetto sobre la inmigraci\u00f3n&#8221;, asegur\u00f3 el funcionario en di\u00e1logo con Infobae. Y agreg\u00f3: &#8220;En los \u00faltimos a\u00f1os, por responsabilidad de las autoridades anteriores, no se realizaron los controles que marca la ley de inmigraciones&#8221;.<\/p>\n<p>&nbsp;<\/p>\n<p>Pichetto hab\u00eda afirmado que &#8220;funcionamos como ajuste social de Bolivia y delictivo de Per\u00fa: las principales villas del pa\u00eds est\u00e1n tomadas por peruanos. La Argentina incorpora toda esta resaca&#8221;.<\/p>\n<p>&nbsp;<\/p>\n<p>Avruj llamativamente aclar\u00f3: &#8220;Estamos de acuerdo en la importancia de la inmigraci\u00f3n y dejamos en claro que este siempre va ser un pa\u00eds de puertas abiertas para los que vienen a buscar aqu\u00ed un lugar para desarrollarse&#8221;.<\/p>\n<p>&nbsp;<\/p>\n<p>Para intentar despegarse, Avruj afirm\u00f3 &#8220;No se puede centrar nuestro problema interno de delincuencia en la inmigraci\u00f3n, pero creemos que es necesario fortalecer los controles&#8221;.<\/p>\n","protected":false},"excerpt":{"rendered":"<p>Claudio Avruj coincidi\u00f3 con las lamentables frases del senador peronista sobre los inmigrantes &nbsp; &nbsp; &nbsp; El secretario de Derechos Humanos Claudio Avruj sali\u00f3 a respaldar los lamentables dichos del senador Miguel \u00c1ngel Pichetto sobre los inmigrantes. &nbsp; El referente de DD.HH. del macrismo afirm\u00f3: &#8220;Nosotros estamos de acuerdo con las declaraciones de Pichetto sobre la inmigraci\u00f3n&#8221;, asegur\u00f3 el funcionario en di\u00e1logo con Infobae. Y agreg\u00f3: &#8220;En los \u00faltimos a\u00f1os, por responsabilidad de las autoridades anteriores, no se realizaron los controles que marca la ley de inmigraciones&#8221;. &nbsp; Pichetto hab\u00eda&#8230;<\/p>\n","protected":false},"author":3,"featured_media":3997,"comment_status":"closed","ping_status":"closed","sticky":false,"template":"","format":"standard","meta":[],"categories":[18],"tags":[],"_links":{"self":[{"href":"https:\/\/www.actualidadadiario.com\/index.php\/wp-json\/wp\/v2\/posts\/3996"}],"collection":[{"href":"https:\/\/www.actualidadadiario.com\/index.php\/wp-json\/wp\/v2\/posts"}],"about":[{"href":"https:\/\/www.actualidadadiario.com\/index.php\/wp-json\/wp\/v2\/types\/post"}],"author":[{"embeddable":true,"href":"https:\/\/www.actualidadadiario.com\/index.php\/wp-json\/wp\/v2\/users\/3"}],"replies":[{"embeddable":true,"href":"https:\/\/www.actualidadadiario.com\/index.php\/wp-json\/wp\/v2\/comments?post=3996"}],"version-history":[{"count":1,"href":"https:\/\/www.actualidadadiario.com\/index.php\/wp-json\/wp\/v2\/posts\/3996\/revisions"}],"predecessor-version":[{"id":3998,"href":"https:\/\/www.actualidadadiario.com\/index.php\/wp-json\/wp\/v2\/posts\/3996\/revisions\/3998"}],"wp:featuredmedia":[{"embeddable":true,"href":"https:\/\/www.actualidadadiario.com\/index.php\/wp-json\/wp\/v2\/media\/3997"}],"wp:attachment":[{"href":"https:\/\/www.actualidadadiario.com\/index.php\/wp-json\/wp\/v2\/media?parent=3996"}],"wp:term":[{"taxonomy":"category","embeddable":true,"href":"https:\/\/www.actualidadadiario.com\/index.php\/wp-json\/wp\/v2\/categories?post=3996"},{"taxonomy":"post_tag","embeddable":true,"href":"https:\/\/www.actualidadadiario.com\/index.php\/wp-json\/wp\/v2\/tags?post=3996"}],"curies":[{"name":"wp","href":"https:\/\/api.w.org\/{rel}","templated":true}]}}