{"id":3984,"date":"2016-11-07T09:50:52","date_gmt":"2016-11-07T12:50:52","guid":{"rendered":"http:\/\/actualidadadiario.com\/site\/?p=3984"},"modified":"2016-11-07T09:50:52","modified_gmt":"2016-11-07T12:50:52","slug":"macri-sostuvo-que-pobreza-cero-apunta-a-que-mas-argentinos-tengan-la-oportunidad-de-salir-adelante","status":"publish","type":"post","link":"https:\/\/www.actualidadadiario.com\/index.php\/2016\/11\/07\/macri-sostuvo-que-pobreza-cero-apunta-a-que-mas-argentinos-tengan-la-oportunidad-de-salir-adelante\/","title":{"rendered":"Macri sostuvo que &#8220;pobreza cero&#8221; apunta a que &#8220;m\u00e1s argentinos tengan la oportunidad de salir adelante&#8221;"},"content":{"rendered":"<p><em><strong>El presidente Mauricio Macri afirm\u00f3 que el compromiso de &#8220;pobreza cero&#8221; que asumi\u00f3 su gobierno &#8220;consiste en crear el contexto necesario para que cada d\u00eda m\u00e1s argentinos tengan la oportunidad de salir adelante con su propio esfuerzo, que tengan un trabajo digno que les permita sentirse orgullosos de s\u00ed mismos y ser felices haciendo lo que les apasiona&#8221;<\/strong><\/em><\/p>\n<p>&nbsp;<\/p>\n<p>&nbsp;<\/p>\n<p>&nbsp;<\/p>\n<p>&nbsp;<\/p>\n<p>&nbsp;<\/p>\n<p>&#8220;Lleg\u00f3 la hora de emprender un camino de crecimiento, de darle a cada argentino la posibilidad de elegir poder quedarse en el lugar donde naci\u00f3 porque en ese lugar va a haber trabajo. Ese es el compromiso que asumimos juntos, el camino que llamamos Pobreza cero&#8221;, enfatiz\u00f3 Macri en la columna de opini\u00f3n que public\u00f3 este domingo el Diario de Cuyo de San Juan.<\/p>\n<p>&nbsp;<\/p>\n<p>El presidente reflexion\u00f3 en este sentido como marco de una mirada espec\u00edfica referida a los beneficios que observa con la construcci\u00f3n del t\u00fanel internacional Paso de Agua Negra, que unir\u00e1 a la Argentina con Chile v\u00eda San Juan.<\/p>\n<p>&nbsp;<\/p>\n<p>&#8220;Vinos y ajos sanjuaninos en Jap\u00f3n, aceitunas riojanas en Australia, nueces catamarque\u00f1as en Chile. Productos argentinos en Rusia, Estados Unidos y Canad\u00e1. Uvas, cebollas, aceites de oliva y tomates nuestros alrededor del mundo. Este sue\u00f1o va a ser posible gracias a un proyecto apasionante: el T\u00fanel Internacional Paso de Agua Negra&#8221;, destac\u00f3.<\/p>\n<p>&nbsp;<\/p>\n<p>Remarc\u00f3 que &#8220;ya est\u00e1 abierta la precalificaci\u00f3n para empezar estas obras, que durante a\u00f1os estuvieron trabadas&#8221; y agreg\u00f3 que &#8220;eso quiere decir que estamos m\u00e1s cerca de un logro que va a hacer historia y que va a potenciar el desarrollo de m\u00e1s argentinos, porque nos va a permitir mirar hacia el Pac\u00edfico y conquistar nuevos mercados con los productos que nacen de nuestras econom\u00edas regionales&#8221;.<\/p>\n<p>&nbsp;<\/p>\n<p>&#8220;Es uno de los pasos entre la Argentina y Chile, estas dos patrias hermanas que comparten una de las fronteras m\u00e1s largas del mundo: 5.150 kil\u00f3metros que nos separan pero que, sobre todo, nos unen. Por eso es tan importante apostar a una mayor integraci\u00f3n&#8221;, indic\u00f3.<\/p>\n<p>&nbsp;<\/p>\n<p>A\u00f1adi\u00f3 que &#8220;esto va a generar un importante aumento en las exportaciones de Catamarca, C\u00f3rdoba, Jujuy, La Rioja, Salta, Tucum\u00e1n y San Juan&#8221; y dijo que &#8220;eso significa crecimiento, inversi\u00f3n, infraestructura y turismo, es decir, significa trabajo para los argentinos. Significa que m\u00e1s argentinos que van a tener nuevas oportunidades de crecer y de concretar sus sue\u00f1os&#8221;.<\/p>\n<p>&nbsp;<\/p>\n<p>&#8220;\u00c9ste es el tipo de desarrollo que queremos: descentralizado, equitativo, realmente federal. Y lo logramos juntos, con la colaboraci\u00f3n de ambos gobiernos, el chileno y el argentino, de los municipios, de los gobiernos provinciales, poniendo cada uno su parte para concretar este sue\u00f1o y gracias al apoyo del Banco Interamericano de Desarrollo (BID), que financiar\u00e1 la obra&#8221;, se explay\u00f3.<\/p>\n<p>&nbsp;<\/p>\n<p>Subray\u00f3 que &#8220;no importa qui\u00e9n estar\u00e1 gobernando el pa\u00eds en 10 a\u00f1os cuando se inaugure el t\u00fanel&#8221; porque asever\u00f3 que sabe que recordar\u00e1 el &#8220;viernes de sol en el que los sanjuaninos me recibieron con tanto cari\u00f1o y entusiasmo, en el que apostamos juntos a nuestro futuro e hicimos planes de largo plazo&#8221;.<\/p>\n<p>&nbsp;<\/p>\n<p>&#8220;Estamos en movimiento, estamos trabajando y hoy invito a todos a construir, siempre digo el puente, pero hoy digo el t\u00fanel, entre la Argentina que somos y la que queremos, podemos y vamos a ser&#8221;, culmin\u00f3.<\/p>\n","protected":false},"excerpt":{"rendered":"<p>El presidente Mauricio Macri afirm\u00f3 que el compromiso de &#8220;pobreza cero&#8221; que asumi\u00f3 su gobierno &#8220;consiste en crear el contexto necesario para que cada d\u00eda m\u00e1s argentinos tengan la oportunidad de salir adelante con su propio esfuerzo, que tengan un trabajo digno que les permita sentirse orgullosos de s\u00ed mismos y ser felices haciendo lo que les apasiona&#8221; &nbsp; &nbsp; &nbsp; &nbsp; &nbsp; &#8220;Lleg\u00f3 la hora de emprender un camino de crecimiento, de darle a cada argentino la posibilidad de elegir poder quedarse en el lugar donde naci\u00f3 porque en&#8230;<\/p>\n","protected":false},"author":3,"featured_media":3985,"comment_status":"closed","ping_status":"closed","sticky":false,"template":"","format":"standard","meta":[],"categories":[2],"tags":[],"_links":{"self":[{"href":"https:\/\/www.actualidadadiario.com\/index.php\/wp-json\/wp\/v2\/posts\/3984"}],"collection":[{"href":"https:\/\/www.actualidadadiario.com\/index.php\/wp-json\/wp\/v2\/posts"}],"about":[{"href":"https:\/\/www.actualidadadiario.com\/index.php\/wp-json\/wp\/v2\/types\/post"}],"author":[{"embeddable":true,"href":"https:\/\/www.actualidadadiario.com\/index.php\/wp-json\/wp\/v2\/users\/3"}],"replies":[{"embeddable":true,"href":"https:\/\/www.actualidadadiario.com\/index.php\/wp-json\/wp\/v2\/comments?post=3984"}],"version-history":[{"count":1,"href":"https:\/\/www.actualidadadiario.com\/index.php\/wp-json\/wp\/v2\/posts\/3984\/revisions"}],"predecessor-version":[{"id":3986,"href":"https:\/\/www.actualidadadiario.com\/index.php\/wp-json\/wp\/v2\/posts\/3984\/revisions\/3986"}],"wp:featuredmedia":[{"embeddable":true,"href":"https:\/\/www.actualidadadiario.com\/index.php\/wp-json\/wp\/v2\/media\/3985"}],"wp:attachment":[{"href":"https:\/\/www.actualidadadiario.com\/index.php\/wp-json\/wp\/v2\/media?parent=3984"}],"wp:term":[{"taxonomy":"category","embeddable":true,"href":"https:\/\/www.actualidadadiario.com\/index.php\/wp-json\/wp\/v2\/categories?post=3984"},{"taxonomy":"post_tag","embeddable":true,"href":"https:\/\/www.actualidadadiario.com\/index.php\/wp-json\/wp\/v2\/tags?post=3984"}],"curies":[{"name":"wp","href":"https:\/\/api.w.org\/{rel}","templated":true}]}}