{"id":3981,"date":"2016-11-04T10:11:14","date_gmt":"2016-11-04T13:11:14","guid":{"rendered":"http:\/\/actualidadadiario.com\/site\/?p=3981"},"modified":"2016-11-04T10:11:14","modified_gmt":"2016-11-04T13:11:14","slug":"referentes-de-cambiemos-se-pelearon-en-el-concejo-de-parana","status":"publish","type":"post","link":"https:\/\/www.actualidadadiario.com\/index.php\/2016\/11\/04\/referentes-de-cambiemos-se-pelearon-en-el-concejo-de-parana\/","title":{"rendered":"Referentes de Cambiemos se pelearon en el Concejo de Paran\u00e1"},"content":{"rendered":"<p><em><strong>La vice intendenta y algunos peronistas intentaron modificar el proyecto de presupuesto de Varisco, pero los ediles oficialistas lo impidieron. Presa de una crisis de llanto, Etienot acus\u00f3 a sus aliados, especialmente a las concejales<\/strong><\/em><\/p>\n<p>&nbsp;<\/p>\n<p>&nbsp;<\/p>\n<p>&nbsp;<\/p>\n<p>La sesi\u00f3n del Concejo Deliberante de Paran\u00e1 en la que se trataba ayer el proyecto de presupuesto para el a\u00f1o pr\u00f3ximo y tambi\u00e9n el proyecto de ordenanza tributaria enviado a por el presidente municipal, Sergio Varisco, termin\u00f3 de manera escandalosa.<\/p>\n<p>&nbsp;<\/p>\n<p>Fue luego de que la presidenta del bloque del Frente para la Victoria (FPV), Cristina Sosa, propusiera el tratamiento sobre tablas (para lo cual se requiere una mayor\u00eda especial) de una iniciativa de la vice intendenta Josefina Etienot (Cambiemos).<\/p>\n<p>&nbsp;<\/p>\n<p>La propuesta de Etienot era una serie de modificaciones al proyecto de presupuesto enviado por Varisco, para reasignar unos 7 millones de pesos de las partidas destinadas al Concejo.<\/p>\n<p>&nbsp;<\/p>\n<p>Etienot, que fue compa\u00f1era de f\u00f3rmula de Varisco, indic\u00f3 que no se trataba de aumentar el presupuesto del Concejo sino de redireccionar fondos para compra de inmuebles y, se dijo tambi\u00e9n, de equipamiento inform\u00e1tico. Las versiones no son coincidentes, incluso hay quienes indican que los cambios al proyecto de presupuesto avanzaban sobre fondos de \u00e1reas del Departamento Ejecutivo Municipal.<\/p>\n<p>&nbsp;<\/p>\n<p>Lo cierto es que el bloque de Cambiemos, que es mayor\u00eda en el Concejo, no aval\u00f3 el pedido de tratamiento sobre tablas al proyecto de la vice intendenta.<\/p>\n<p>Ante esta circunstancia Etienot reaccion\u00f3 airadamente contra sus aliados de Cambiemos y sostuvo que con esa actitud quedaba en claro el &#8220;ensa\u00f1amiento&#8221; hacia su persona.<\/p>\n<p>&nbsp;<\/p>\n<p>Visiblemente afectada, la vice intendenta fue subiendo el tono de sus reproches y luego sufri\u00f3 una profunda crisis de llanto.<\/p>\n<p>&nbsp;<\/p>\n<p>Aseguran testigos de la sesi\u00f3n que dentro de una serie de reproches pol\u00edticos, Etienot tambi\u00e9n incluy\u00f3 cuestiones personales. &#8220;No me tuve que acostar con nadie para llegar ac\u00e1, como ustedes&#8221;, le reproch\u00f3 a las edilas de Cambiemos, por lo cual estas evaluaban realizar una presentaci\u00f3n ante la Subsecretar\u00eda de la Mujer y tambi\u00e9n ante el Comit\u00e9 de \u00c9tica del PRO, que es el partido de Josefina Etienot.<\/p>\n<p>&nbsp;<\/p>\n<p>Ya ha habido incidentes con la vice intendenta, e incluso el jefe de Cambiemos en Entre R\u00edos, el ministro el del Interior Rogelio Frigerio, hab\u00eda hablado con ella para sugerirle que bajara su perfil confrontativo.<\/p>\n<p>&nbsp;<\/p>\n<p>Etienot entiende que los concejales de origen radical est\u00e1n en contra suyo y ha dejado trascender su intenci\u00f3n de disputar la Intendencia de Paran\u00e1 en 2019.<\/p>\n<p>&nbsp;<\/p>\n<p>Los concejales radicales no dejaron de expresar su malestar, especialmente las edilas Mar\u00eda Marta Zuiani y Claudia Acevedo.<\/p>\n<p>&nbsp;<\/p>\n<p>En los corrillos del Concejo se comentaba que una de las situaciones que m\u00e1s tens\u00f3 la cuerda entre los ediles oficialistas y Etienot es el acuerdo evidente que tiene con concejales de la oposici\u00f3n, especialmente con Cristina Sosa, que fue quien pidi\u00f3 el tratamiento de la pol\u00e9mica modificaci\u00f3n del presupuesto. Aseguran puntualmente que el acuerdo pol\u00edtico se ve reflejado en la disponibilidad de contratos para algunos ediles del FPV.<\/p>\n<p>&nbsp;<\/p>\n<p>El tema contratos ya afect\u00f3 a Etienot cuando hubo denuncias sobre los montos de las contrataciones que manejaba el otro hombre del PRO en el Concejo capitalino, el edil Emanuel Gainza.<\/p>\n<p>&nbsp;<\/p>\n<p>Tras denuncias period\u00edsticas sobre presuntas irregularidades en el manejo de estos contratos, el Concejo Deliberante derog\u00f3, entre gallos y medianoche, la ordenanza que obligaba a hacer p\u00fablica esa informaci\u00f3n. Se entendi\u00f3 que con esta derogaci\u00f3n, a contrapelo de los argumentos de transparencia sostenidos por Cambiemos en campa\u00f1a, se protegi\u00f3 a Gainza y a Etienot.<\/p>\n<p>&nbsp;<\/p>\n<p>Ayer varios referentes de Cambiemos hablaron de la inestabilidad emocional de la presidenta del Concejo, lo que qued\u00f3 a las claras con su reacci\u00f3n.<\/p>\n","protected":false},"excerpt":{"rendered":"<p>La vice intendenta y algunos peronistas intentaron modificar el proyecto de presupuesto de Varisco, pero los ediles oficialistas lo impidieron. Presa de una crisis de llanto, Etienot acus\u00f3 a sus aliados, especialmente a las concejales &nbsp; &nbsp; &nbsp; La sesi\u00f3n del Concejo Deliberante de Paran\u00e1 en la que se trataba ayer el proyecto de presupuesto para el a\u00f1o pr\u00f3ximo y tambi\u00e9n el proyecto de ordenanza tributaria enviado a por el presidente municipal, Sergio Varisco, termin\u00f3 de manera escandalosa. &nbsp; Fue luego de que la presidenta del bloque del Frente para&#8230;<\/p>\n","protected":false},"author":3,"featured_media":3982,"comment_status":"closed","ping_status":"closed","sticky":false,"template":"","format":"standard","meta":[],"categories":[15],"tags":[],"_links":{"self":[{"href":"https:\/\/www.actualidadadiario.com\/index.php\/wp-json\/wp\/v2\/posts\/3981"}],"collection":[{"href":"https:\/\/www.actualidadadiario.com\/index.php\/wp-json\/wp\/v2\/posts"}],"about":[{"href":"https:\/\/www.actualidadadiario.com\/index.php\/wp-json\/wp\/v2\/types\/post"}],"author":[{"embeddable":true,"href":"https:\/\/www.actualidadadiario.com\/index.php\/wp-json\/wp\/v2\/users\/3"}],"replies":[{"embeddable":true,"href":"https:\/\/www.actualidadadiario.com\/index.php\/wp-json\/wp\/v2\/comments?post=3981"}],"version-history":[{"count":1,"href":"https:\/\/www.actualidadadiario.com\/index.php\/wp-json\/wp\/v2\/posts\/3981\/revisions"}],"predecessor-version":[{"id":3983,"href":"https:\/\/www.actualidadadiario.com\/index.php\/wp-json\/wp\/v2\/posts\/3981\/revisions\/3983"}],"wp:featuredmedia":[{"embeddable":true,"href":"https:\/\/www.actualidadadiario.com\/index.php\/wp-json\/wp\/v2\/media\/3982"}],"wp:attachment":[{"href":"https:\/\/www.actualidadadiario.com\/index.php\/wp-json\/wp\/v2\/media?parent=3981"}],"wp:term":[{"taxonomy":"category","embeddable":true,"href":"https:\/\/www.actualidadadiario.com\/index.php\/wp-json\/wp\/v2\/categories?post=3981"},{"taxonomy":"post_tag","embeddable":true,"href":"https:\/\/www.actualidadadiario.com\/index.php\/wp-json\/wp\/v2\/tags?post=3981"}],"curies":[{"name":"wp","href":"https:\/\/api.w.org\/{rel}","templated":true}]}}