{"id":3975,"date":"2016-11-04T09:58:08","date_gmt":"2016-11-04T12:58:08","guid":{"rendered":"http:\/\/actualidadadiario.com\/site\/?p=3975"},"modified":"2016-11-04T09:58:08","modified_gmt":"2016-11-04T12:58:08","slug":"pablo-moyano-este-plan-economico-va-en-contra-de-los-trabajadores","status":"publish","type":"post","link":"https:\/\/www.actualidadadiario.com\/index.php\/2016\/11\/04\/pablo-moyano-este-plan-economico-va-en-contra-de-los-trabajadores\/","title":{"rendered":"Pablo Moyano: \u201cEste plan econ\u00f3mico va en contra de los trabajadores\u201d"},"content":{"rendered":"<p><em><strong>En el mediod\u00eda de este jueves, el dirigente sindical de Camioneros y secretario gremial de la CGT a nivel nacional, Pablo Moyano estuvo en Paran\u00e1<\/strong><\/em><\/p>\n<p>&nbsp;<\/p>\n<p>&nbsp;<\/p>\n<p>&nbsp;<\/p>\n<p>&nbsp;<\/p>\n<p>La reuni\u00f3n tuvo lugar en el camping del Sindicato de Camioneros de Entre R\u00edos, donde estuvieron presentes los integrantes de la nueva conducci\u00f3n de la CGT Regional Paran\u00e1. En ese marco, el dirigente se refiri\u00f3 al contexto nacional actual y al v\u00ednculo con otros sectores.<\/p>\n<p>&nbsp;<\/p>\n<p>\u201cLamentablemente gobiernan para un sector de la sociedad que son los que m\u00e1s han ganado: el campo, los bancos, las mineras y para los trabajadores despidos, precarizaci\u00f3n laboral, inflaci\u00f3n, tarifazo y no se ha modificado el impuesto a las ganancias\u201d, dijo y a\u00f1adi\u00f3: \u201cQueda claro que este gobierno, gobierna para los ricos y no para los trabajadores\u201d.<\/p>\n<p>&nbsp;<\/p>\n<p>Se\u00f1al\u00f3 que \u201cse van a venir momentos de lucha. Yo fui uno de los que rechaz\u00f3 el \u2018bonito\u2019 del gobierno, que sabemos no gobierna para los trabajadores sino todo lo contrario. Por eso el 18 de noviembre la CGT y los movimientos sociales nos vamos a movilizar al Congreso para pedir una ley de emergencia social y otra para que se terminen los despidos\u201d.<\/p>\n<p>&nbsp;<\/p>\n<p>Moyano indic\u00f3 sobre el bono: \u201csab\u00edamos que era m\u00ednimo y que iban a dar migajas\u201d, y advirti\u00f3 que apenas el 25 o 30 % de los empresarios lo van a pagar. En relaci\u00f3n a los municipios y gobiernos provinciales dijo, \u201cs\u00f3lo algunas est\u00e1n en condiciones de hacerlo\u201d. En ese marco, critic\u00f3: \u201cSeguimos sin soluciones a los reclamos genuinos que lleva adelante la CGT\u201d.<\/p>\n<p>&nbsp;<\/p>\n<p>&nbsp;<\/p>\n<p>&nbsp;<\/p>\n<p>&nbsp;<\/p>\n<p><strong>Unidad y di\u00e1logo<\/strong><\/p>\n<p>Ante la consulta por la relaci\u00f3n con otras centrales obreras, Moyano record\u00f3 que estuvo participando de la Marcha Federal que convoc\u00f3 la CTA a nivel nacional.<\/p>\n<p>&nbsp;<\/p>\n<p>\u201cEllos movilizan el viernes y seguramente varios gremios de la CGT van a participar. M\u00e1s all\u00e1 de las diferencias ideol\u00f3gicas que podamos tener, cuando se trata de la defensa de los trabajadores nos juntamos para rechazar este plan econ\u00f3mico que va en contra de los trabajadores\u201d, sostuvo.<\/p>\n<p>&nbsp;<\/p>\n<p>Asimismo, afirm\u00f3, \u201cEn particular tengo muy buena relaci\u00f3n con los compa\u00f1eros de la CTA. Desde que asumimos la Secretar\u00eda Gremial en la que hoy tengo la responsabilidad de estar al frente, dijimos que vamos a estar en cada reclamo leg\u00edtimo de los trabajadores\u201d, dijo y afirm\u00f3: \u201cLa CGT no puede estar mirando por televisi\u00f3n c\u00f3mo se movilizan la CTA o algunos movimientos sociales, sino que tenemos que ser protagonistas en la defensa de los derechos de los trabajadores como ha sido hist\u00f3ricamente\u201d.<\/p>\n<p>&nbsp;<\/p>\n<p>&nbsp;<\/p>\n<p>&nbsp;<\/p>\n<p>&nbsp;<\/p>\n<p><strong>Normalizaci\u00f3n y respaldo<\/strong><\/p>\n<p>Moyano fue recibido por dirigentes sindicales de diferentes gremios de la provincia nucleados en la central obrera. El sindicalista resalt\u00f3 en ese marco, \u201cel gesto que tuvieron los compa\u00f1eros que pudieron dejar de lado las diferencias, las divisiones circunstanciales que han tenido, para poner por delante la defensa de los trabajadores. Por eso estamos acompa\u00f1ando a los compa\u00f1eros de la Regional\u201d, dijo y se\u00f1al\u00f3 que, aunque no pudo estar en el momento de la normalizaci\u00f3n de la CGT local, respondi\u00f3 a la invitaci\u00f3n de concurrir a la ciudad. \u201cLa verdad es que resaltamos este gesto que es muy importante\u201d, a\u00f1adi\u00f3.<\/p>\n<p>&nbsp;<\/p>\n<p>&nbsp;<\/p>\n<p>&nbsp;<\/p>\n<p>&nbsp;<\/p>\n<p><strong>A coraz\u00f3n partido<\/strong><\/p>\n<p>El secretario general del Sindicato de Choferes de Camiones de Entre R\u00edos, Jorge \u00c1valos, afirm\u00f3 que el encuentro \u201ces una alegr\u00eda para todos los trabajadores, para los compa\u00f1eros camioneros fundamentalmente. No nos entra en el coraz\u00f3n la alegr\u00eda que tenemos al tener uno de los m\u00e1ximos referentes. Contar con la presencia de tener al secretario gremial de la CGT afirmando este triunvirato es importante para todos los trabajadores en el momento que est\u00e1n pasando todos los gremios, en todas las actividades\u201d, sostuvo. Asimismo, detall\u00f3, \u201cLa agenda nuestra hoy es preocuparnos por todos los despidos y suspensiones que est\u00e1n pasando en todo el pa\u00eds y estar preparados para lo que se viene. La CGT tiene que estar presente en la calle, firme, acompa\u00f1ando a los trabajadores en la necesidad que est\u00e1n teniendo con la p\u00e9rdida de su trabajo\u201d, finaliz\u00f3.<\/p>\n","protected":false},"excerpt":{"rendered":"<p>En el mediod\u00eda de este jueves, el dirigente sindical de Camioneros y secretario gremial de la CGT a nivel nacional, Pablo Moyano estuvo en Paran\u00e1 &nbsp; &nbsp; &nbsp; &nbsp; La reuni\u00f3n tuvo lugar en el camping del Sindicato de Camioneros de Entre R\u00edos, donde estuvieron presentes los integrantes de la nueva conducci\u00f3n de la CGT Regional Paran\u00e1. En ese marco, el dirigente se refiri\u00f3 al contexto nacional actual y al v\u00ednculo con otros sectores. &nbsp; \u201cLamentablemente gobiernan para un sector de la sociedad que son los que m\u00e1s han ganado:&#8230;<\/p>\n","protected":false},"author":3,"featured_media":3976,"comment_status":"closed","ping_status":"closed","sticky":false,"template":"","format":"standard","meta":[],"categories":[18],"tags":[],"_links":{"self":[{"href":"https:\/\/www.actualidadadiario.com\/index.php\/wp-json\/wp\/v2\/posts\/3975"}],"collection":[{"href":"https:\/\/www.actualidadadiario.com\/index.php\/wp-json\/wp\/v2\/posts"}],"about":[{"href":"https:\/\/www.actualidadadiario.com\/index.php\/wp-json\/wp\/v2\/types\/post"}],"author":[{"embeddable":true,"href":"https:\/\/www.actualidadadiario.com\/index.php\/wp-json\/wp\/v2\/users\/3"}],"replies":[{"embeddable":true,"href":"https:\/\/www.actualidadadiario.com\/index.php\/wp-json\/wp\/v2\/comments?post=3975"}],"version-history":[{"count":1,"href":"https:\/\/www.actualidadadiario.com\/index.php\/wp-json\/wp\/v2\/posts\/3975\/revisions"}],"predecessor-version":[{"id":3977,"href":"https:\/\/www.actualidadadiario.com\/index.php\/wp-json\/wp\/v2\/posts\/3975\/revisions\/3977"}],"wp:featuredmedia":[{"embeddable":true,"href":"https:\/\/www.actualidadadiario.com\/index.php\/wp-json\/wp\/v2\/media\/3976"}],"wp:attachment":[{"href":"https:\/\/www.actualidadadiario.com\/index.php\/wp-json\/wp\/v2\/media?parent=3975"}],"wp:term":[{"taxonomy":"category","embeddable":true,"href":"https:\/\/www.actualidadadiario.com\/index.php\/wp-json\/wp\/v2\/categories?post=3975"},{"taxonomy":"post_tag","embeddable":true,"href":"https:\/\/www.actualidadadiario.com\/index.php\/wp-json\/wp\/v2\/tags?post=3975"}],"curies":[{"name":"wp","href":"https:\/\/api.w.org\/{rel}","templated":true}]}}