{"id":3963,"date":"2016-11-04T09:42:53","date_gmt":"2016-11-04T12:42:53","guid":{"rendered":"http:\/\/actualidadadiario.com\/site\/?p=3963"},"modified":"2016-11-04T09:42:53","modified_gmt":"2016-11-04T12:42:53","slug":"la-produccion-de-autos-se-hundio-164-en-octubre","status":"publish","type":"post","link":"https:\/\/www.actualidadadiario.com\/index.php\/2016\/11\/04\/la-produccion-de-autos-se-hundio-164-en-octubre\/","title":{"rendered":"La producci\u00f3n de autos se hundi\u00f3 16,4% en octubre"},"content":{"rendered":"<p><em><strong>La fabricaci\u00f3n automotriz volvi\u00f3 a caer ante una mayor venta de veh\u00edculos importados<\/strong><\/em><\/p>\n<p>&nbsp;<\/p>\n<p>&nbsp;<\/p>\n<p>&nbsp;<\/p>\n<p>La producci\u00f3n automotriz de octubre registr\u00f3 una ca\u00edda del 16,4% en comparaci\u00f3n con igual mes del a\u00f1o pasado, confirm\u00f3 la Asociaci\u00f3n de F\u00e1bricas de Automotores (ADEFA). En tanto, las exportaciones bajaron 25,9% en forma interanual, mientras que las ventas al mercado dom\u00e9stico subieron 9%.<\/p>\n<p>&nbsp;<\/p>\n<p>&#8220;Con un promedio de 20 d\u00edas h\u00e1biles de actividad, las terminales automotrices produjeron 37.832 veh\u00edculos, un 11,2% menos respecto de septiembre anterior cuando se produjeron 42.599 unidades y un 16,4% por debajo del volumen registrado en octubre de 2015&#8221;, inform\u00f3 ADEFA en su \u00faltimo reporte sectorial.<\/p>\n<p>&nbsp;<\/p>\n<p>El informe se\u00f1al\u00f3 que &#8220;de esta manera, entre enero y octubre, el sector automotor produjo un total de 385.727 unidades, un 14,2% menos respecto de las 449.694 que se fabricaron en el mismo per\u00edodo del a\u00f1o anterior&#8221;.<\/p>\n<p>En octubre, las terminales exportaron 13.959 veh\u00edculos, lo que indica una ca\u00edda del 20,9% respecto del volumen exportado en septiembre y una retracci\u00f3n de 25,9% si se lo compara el mismo mes del 2015.<\/p>\n<p>&nbsp;<\/p>\n<p>De esa manera, en el acumulado de los primeros diez meses el sector export\u00f3 149.675 veh\u00edculos, un 28,9% menos respecto del mismo per\u00edodo del a\u00f1o pasado. &#8220;Las principales variables contin\u00faan reflejando la respuesta de nuestra industria ante la ca\u00edda sostenida de la demanda por parte de Brasil, nuestro principal mercado de exportaci\u00f3n&#8221;, dijo el presidente de ADEFA, Luis Ureta S\u00e1enz Pe\u00f1a.<\/p>\n<p>&nbsp;<\/p>\n<p>En cambio, las ventas sumaron 56.357 unidades, 16,9% menos respecto de setiembre anterior y un 9% por arriba del desempe\u00f1o del mismo mes del a\u00f1o pasado cuando se entregaron 51.681 unidades a la red de concesionarios.<\/p>\n<p>&nbsp;<\/p>\n<p>Con un total de 587.007 veh\u00edculos comercializados entre enero y octubre, el sector registr\u00f3 una suba interanual de 17,2% en lo que respecta a las ventas totales.<\/p>\n","protected":false},"excerpt":{"rendered":"<p>La fabricaci\u00f3n automotriz volvi\u00f3 a caer ante una mayor venta de veh\u00edculos importados &nbsp; &nbsp; &nbsp; La producci\u00f3n automotriz de octubre registr\u00f3 una ca\u00edda del 16,4% en comparaci\u00f3n con igual mes del a\u00f1o pasado, confirm\u00f3 la Asociaci\u00f3n de F\u00e1bricas de Automotores (ADEFA). En tanto, las exportaciones bajaron 25,9% en forma interanual, mientras que las ventas al mercado dom\u00e9stico subieron 9%. &nbsp; &#8220;Con un promedio de 20 d\u00edas h\u00e1biles de actividad, las terminales automotrices produjeron 37.832 veh\u00edculos, un 11,2% menos respecto de septiembre anterior cuando se produjeron 42.599 unidades y un&#8230;<\/p>\n","protected":false},"author":3,"featured_media":3964,"comment_status":"closed","ping_status":"closed","sticky":false,"template":"","format":"standard","meta":[],"categories":[2],"tags":[],"_links":{"self":[{"href":"https:\/\/www.actualidadadiario.com\/index.php\/wp-json\/wp\/v2\/posts\/3963"}],"collection":[{"href":"https:\/\/www.actualidadadiario.com\/index.php\/wp-json\/wp\/v2\/posts"}],"about":[{"href":"https:\/\/www.actualidadadiario.com\/index.php\/wp-json\/wp\/v2\/types\/post"}],"author":[{"embeddable":true,"href":"https:\/\/www.actualidadadiario.com\/index.php\/wp-json\/wp\/v2\/users\/3"}],"replies":[{"embeddable":true,"href":"https:\/\/www.actualidadadiario.com\/index.php\/wp-json\/wp\/v2\/comments?post=3963"}],"version-history":[{"count":1,"href":"https:\/\/www.actualidadadiario.com\/index.php\/wp-json\/wp\/v2\/posts\/3963\/revisions"}],"predecessor-version":[{"id":3965,"href":"https:\/\/www.actualidadadiario.com\/index.php\/wp-json\/wp\/v2\/posts\/3963\/revisions\/3965"}],"wp:featuredmedia":[{"embeddable":true,"href":"https:\/\/www.actualidadadiario.com\/index.php\/wp-json\/wp\/v2\/media\/3964"}],"wp:attachment":[{"href":"https:\/\/www.actualidadadiario.com\/index.php\/wp-json\/wp\/v2\/media?parent=3963"}],"wp:term":[{"taxonomy":"category","embeddable":true,"href":"https:\/\/www.actualidadadiario.com\/index.php\/wp-json\/wp\/v2\/categories?post=3963"},{"taxonomy":"post_tag","embeddable":true,"href":"https:\/\/www.actualidadadiario.com\/index.php\/wp-json\/wp\/v2\/tags?post=3963"}],"curies":[{"name":"wp","href":"https:\/\/api.w.org\/{rel}","templated":true}]}}