{"id":3957,"date":"2016-11-04T09:36:33","date_gmt":"2016-11-04T12:36:33","guid":{"rendered":"http:\/\/actualidadadiario.com\/site\/?p=3957"},"modified":"2016-11-04T09:36:33","modified_gmt":"2016-11-04T12:36:33","slug":"agmer-rechazo-un-proyecto-de-senador-de-cambiemos","status":"publish","type":"post","link":"https:\/\/www.actualidadadiario.com\/index.php\/2016\/11\/04\/agmer-rechazo-un-proyecto-de-senador-de-cambiemos\/","title":{"rendered":"Agmer rechaz\u00f3 un proyecto de senador de Cambiemos"},"content":{"rendered":"<p><em><strong>El senador Nicol\u00e1s Mattiauda propuso d\u00edas atr\u00e1s que se computen las inasistencias a los alumnos que falten los d\u00edas de lluvias. El gremio docente reaccion\u00f3 con un fuerte rechazo. &#8220;Desconoce los derechos del ni\u00f1o y la Ley&#8221;, dijeron<\/strong><\/em><\/p>\n<p>&nbsp;<\/p>\n<p>&nbsp;<\/p>\n<p>&nbsp;<\/p>\n<p>La Asociaci\u00f3n Gremial del Magisterio de Entre R\u00edos (Agmer) cuestion\u00f3 el proyecto de comunicaci\u00f3n del senador provincial por Cambiemos, Nicol\u00e1s Mattiauda, quien solicit\u00f3 al Ejecutivo que, a trav\u00e9s del Consejo General de Educaci\u00f3n (CGE), se computen las inasistencia de los alumnos los d\u00edas de lluvia.<\/p>\n<p>&nbsp;<\/p>\n<p>&#8220;Estas expresiones evidencian el desconocimiento del senador respecto de la normativa vigente. A los ni\u00f1os que no asisten a la escuela los d\u00edas de lluvia se les debe poner falta seg\u00fan la Resoluci\u00f3n 2421\/09 CGE&#8221;, se\u00f1al\u00f3 la Comisi\u00f3n Directiva Central de Agmer en un comunicado firmado por su secretario general, Fabi\u00e1n Pecc\u00edn.<\/p>\n<p>&nbsp;<\/p>\n<p>El repudio de Agmer al proyecto de Mattiauda agreg\u00f3 que: &#8220;se advierte en estas declaraciones un corrimiento intencional de sentido, con el aval de algunos medios masivos de comunicaci\u00f3n, hacia representaciones cotidianas vinculadas con el m\u00e9rito y el esfuerzo, que son caras en el sentido de nuestra comunidad por su composici\u00f3n de clase trabajadora y matriz inmigrante, haci\u00e9ndola part\u00edcipe adem\u00e1s (sin explicitar la intenci\u00f3n) de medidas de ajuste que responsabilizan a los ni\u00f1os, sus familias y a los docentes del incumplimiento de derechos que debe garantizar el Estado&#8221;.<\/p>\n<p>&nbsp;<\/p>\n<p>&#8220;Estos dichos vulneran los derechos de los ni\u00f1os y ni\u00f1as expresados en la Convenci\u00f3n Internacional sobre los Derechos del Ni\u00f1o, coloc\u00e1ndolas comparativamente respecto de unos supuestos &#8216;otros&#8217; m\u00e1s esforzados y que, seg\u00fan el senador, s\u00ed han hecho m\u00e9rito suficiente para merecer educaci\u00f3n. La educaci\u00f3n es un derecho para todos los ni\u00f1os y ni\u00f1as: para los que faltan tambi\u00e9n, cualquiera sea su situaci\u00f3n&#8221;.<\/p>\n<p>&nbsp;<\/p>\n<p>En esa l\u00ednea, la conducci\u00f3n de Agmer consider\u00f3 que el senador opositor &#8220;desconoce los derechos de los ni\u00f1os y la Ley de Educaci\u00f3n Nacional N\u00ba 26.206, que expresa &#8216;La educaci\u00f3n y el conocimiento son un bien p\u00fablico y un derecho personal y social, garantizados por el Estado&#8217;\u201d.<\/p>\n<p>&nbsp;<\/p>\n<p>&#8220;Estas declaraciones, y la iniciativa de un proyecto al respecto, dan cuenta de pol\u00edticas p\u00fablicas en desmedro de los derechos conquistados para todos nuestros ni\u00f1os y de intenciones expl\u00edcitas vinculadas con desacreditar el trabajo docente y la educaci\u00f3n p\u00fablica que AGMER no puede soslayar&#8221;, finalizaron desde la entidad gremial.<\/p>\n","protected":false},"excerpt":{"rendered":"<p>El senador Nicol\u00e1s Mattiauda propuso d\u00edas atr\u00e1s que se computen las inasistencias a los alumnos que falten los d\u00edas de lluvias. El gremio docente reaccion\u00f3 con un fuerte rechazo. &#8220;Desconoce los derechos del ni\u00f1o y la Ley&#8221;, dijeron &nbsp; &nbsp; &nbsp; La Asociaci\u00f3n Gremial del Magisterio de Entre R\u00edos (Agmer) cuestion\u00f3 el proyecto de comunicaci\u00f3n del senador provincial por Cambiemos, Nicol\u00e1s Mattiauda, quien solicit\u00f3 al Ejecutivo que, a trav\u00e9s del Consejo General de Educaci\u00f3n (CGE), se computen las inasistencia de los alumnos los d\u00edas de lluvia. &nbsp; &#8220;Estas expresiones evidencian&#8230;<\/p>\n","protected":false},"author":3,"featured_media":3958,"comment_status":"closed","ping_status":"closed","sticky":false,"template":"","format":"standard","meta":[],"categories":[18],"tags":[],"_links":{"self":[{"href":"https:\/\/www.actualidadadiario.com\/index.php\/wp-json\/wp\/v2\/posts\/3957"}],"collection":[{"href":"https:\/\/www.actualidadadiario.com\/index.php\/wp-json\/wp\/v2\/posts"}],"about":[{"href":"https:\/\/www.actualidadadiario.com\/index.php\/wp-json\/wp\/v2\/types\/post"}],"author":[{"embeddable":true,"href":"https:\/\/www.actualidadadiario.com\/index.php\/wp-json\/wp\/v2\/users\/3"}],"replies":[{"embeddable":true,"href":"https:\/\/www.actualidadadiario.com\/index.php\/wp-json\/wp\/v2\/comments?post=3957"}],"version-history":[{"count":1,"href":"https:\/\/www.actualidadadiario.com\/index.php\/wp-json\/wp\/v2\/posts\/3957\/revisions"}],"predecessor-version":[{"id":3959,"href":"https:\/\/www.actualidadadiario.com\/index.php\/wp-json\/wp\/v2\/posts\/3957\/revisions\/3959"}],"wp:featuredmedia":[{"embeddable":true,"href":"https:\/\/www.actualidadadiario.com\/index.php\/wp-json\/wp\/v2\/media\/3958"}],"wp:attachment":[{"href":"https:\/\/www.actualidadadiario.com\/index.php\/wp-json\/wp\/v2\/media?parent=3957"}],"wp:term":[{"taxonomy":"category","embeddable":true,"href":"https:\/\/www.actualidadadiario.com\/index.php\/wp-json\/wp\/v2\/categories?post=3957"},{"taxonomy":"post_tag","embeddable":true,"href":"https:\/\/www.actualidadadiario.com\/index.php\/wp-json\/wp\/v2\/tags?post=3957"}],"curies":[{"name":"wp","href":"https:\/\/api.w.org\/{rel}","templated":true}]}}