{"id":3954,"date":"2016-11-04T09:35:43","date_gmt":"2016-11-04T12:35:43","guid":{"rendered":"http:\/\/actualidadadiario.com\/site\/?p=3954"},"modified":"2016-11-04T09:35:43","modified_gmt":"2016-11-04T12:35:43","slug":"ensayo-sobre-isidoro-blaisten-fue-galardonado-con-el-fray-mocho","status":"publish","type":"post","link":"https:\/\/www.actualidadadiario.com\/index.php\/2016\/11\/04\/ensayo-sobre-isidoro-blaisten-fue-galardonado-con-el-fray-mocho\/","title":{"rendered":"Ensayo sobre Isidoro Blaisten fue galardonado con el Fray Mocho"},"content":{"rendered":"<p><em><strong>El ganador del Premio Literario Fray Mocho en el g\u00e9nero ensayo, Jos\u00e9 Luis Pereyra fue recibido por el secretario de Cultura, Faustino Schiavoni. El autor, profesor de Lengua y oriundo de la ciudad de Gualeguaych\u00fa, desarroll\u00f3 su trabajo sobre la vida de Isidoro Blaisten, un escritor entrerriano poco conocido. Pereyra manifest\u00f3 su gran satisfacci\u00f3n por recibir el premio y asegur\u00f3 que si no fuera \u201cpor esta distinci\u00f3n que recibe hoy la obra, tal vez la Isidoro Blaisten hubiera seguido en el olvido por mucho tiempo m\u00e1s\u201d<\/strong><\/em><\/p>\n<p>&nbsp;<\/p>\n<p>&nbsp;<\/p>\n<p>&nbsp;<\/p>\n<p>&nbsp;<\/p>\n<p>La obra, titulada Vida en obra. Una biograf\u00eda de Isidoro Blaisten, fue presentada bajo el seud\u00f3nimo Tinieblas \u201cque es un anagrama de Blaistein, que era el apellido original. \u00c9l se lo cambi\u00f3 porque dec\u00eda que su pap\u00e1 era el fundador de la empresa constructora que lleva ese apellido y es millonaria\u201d, se\u00f1ala Pereyra al explicar el porqu\u00e9 de la elecci\u00f3n del seud\u00f3nimo. El ganador naci\u00f3 en la ciudad de Gualeguaych\u00fa, donde reside actualmente, es profesor en Lenguas y ejerce su profesi\u00f3n en la Escuela Agrot\u00e9cnica y en un establecimiento de Aldea San Juan y Aldea San Antonio. Este jueves fue recibido por el secretario de Cultura, Faustino Schiavoni; el subsecretario de Pol\u00edticas Culturales, Eduardo Viana; y el director de la Editorial Entre R\u00edos, Jos\u00e9 Mar\u00eda Blanco.<\/p>\n<p>&nbsp;<\/p>\n<p>La elecci\u00f3n de Blaisten para escribir su ensay\u00f3 fue porque \u201cme fascin\u00f3 de entrada. El primer libro que le\u00ed de \u00e9l en el profesorado fue Anticonferencias, y me encant\u00f3 ese desparpajo para hablar de cosas serias. Me re\u00eda y aprend\u00eda y eso me qued\u00f3 a m\u00ed para dar clases\u201d, dice Pereyra. Cuando se le comunic\u00f3 que hab\u00eda ganado el premio, hizo una publicaci\u00f3n en la red social Facebook, en la que \u201cpuse que compart\u00eda el galard\u00f3n con mis estudiantes y compa\u00f1eros de trabajo. Hubo una lluvia de felicitaciones de los chicos y eso me encant\u00f3. Todav\u00eda no salgo del shock\u201d, asegura conmovido.<\/p>\n<p>&nbsp;<\/p>\n<p>\u201cSe dio algo genial con Blaisten, siempre me sigui\u00f3 a todas partes, era como que \u00e9l me estaba diciendo: hay que escribir mi biograf\u00eda. Me faltaba un libro fundamental, que era el primero y se titulaba Sucedi\u00f3 en la lluvia, de 1965. Era inconseguible, porque solo se imprimieron 1.000 libros y en el 2014 un joven, Gito Minore lo public\u00f3. Ah\u00ed ten\u00eda todo y justo me llama Lorena Jaquet de General Campos y me dice: tenemos a su hombre. Hab\u00eda encontrado el acta de nacimiento de Blaisten. Estaba escrito que yo ten\u00eda que escribir su historia. Yo nac\u00ed para escribir este libro\u201d, afirma convencido. La lista de agradecimientos es larga, a Ana Tarzia la segunda mujer de Isidoro o Juan Forn que le cont\u00f3 los pormenores del libro Anticonferencias.<\/p>\n<p>&nbsp;<\/p>\n<p>Pereyra ha viajado por muchos lugares del pa\u00eds, ya que antes de dedicarse a la docencia se desempe\u00f1\u00f3 en Prefectura. \u201cEntre R\u00edos es hermosa y esto que sucede de apoyar a sus autores es muy bueno, no s\u00e9 si pasa en otras provincias. Muchas veces cuando hay recortes presupuestarios los fondos destinados a cultura se dejan de lado. Si no fuera por esta distinci\u00f3n que recibe hoy la obra, tal vez la Isidoro Blaisten hubiera seguido en el olvido por mucho tiempo m\u00e1s\u201d, concluye el autor.<\/p>\n<p>&nbsp;<\/p>\n<p>&nbsp;<\/p>\n<p>&nbsp;<\/p>\n<p>&nbsp;<\/p>\n<p>&nbsp;<\/p>\n<p>&nbsp;<\/p>\n<p><strong>El Fray Mocho <\/strong><\/p>\n<p>A trav\u00e9s de este Premio la obra ganadora accede a una edici\u00f3n de 1.000 ejemplares por parte de la Secretar\u00eda de Cultura, de los cuales 200 se entregan sin cargo al autor. Pueden participar autores entrerrianos nativos u oriundos de otros lugares del pa\u00eds y argentinos naturalizados con una residencia m\u00ednima de cinco a\u00f1os en la provincia.<\/p>\n<p>&nbsp;<\/p>\n<p>El jurado del \u201cPremio Fray Mocho 2016-Edici\u00f3n Ensayo\u201d estuvo integrado por Graciela Pacher, Domitila Rodr\u00edguez de Papetti y Adolfo Argentino Golz, quienes decidieron otorgar la distinci\u00f3n por unanimidad a la obra de Jos\u00e9 Luis Pereyra sobre un total de 14 trabajos que llegaron a la instancia final.<\/p>\n<p>&nbsp;<\/p>\n<p>El Fray Mocho tiene continuidad mediante convocatorias anuales, con rotaci\u00f3n de distintos g\u00e9neros literarios y de acuerdo con el siguiente ordenamiento: teatro, poes\u00eda, cuento, novela y ensayo. Este criterio fue establecido seg\u00fan Ley N\u00ba 7.823 y su Decreto Reglamentario N\u00ba 2.967\/87 GOB.<\/p>\n","protected":false},"excerpt":{"rendered":"<p>El ganador del Premio Literario Fray Mocho en el g\u00e9nero ensayo, Jos\u00e9 Luis Pereyra fue recibido por el secretario de Cultura, Faustino Schiavoni. El autor, profesor de Lengua y oriundo de la ciudad de Gualeguaych\u00fa, desarroll\u00f3 su trabajo sobre la vida de Isidoro Blaisten, un escritor entrerriano poco conocido. Pereyra manifest\u00f3 su gran satisfacci\u00f3n por recibir el premio y asegur\u00f3 que si no fuera \u201cpor esta distinci\u00f3n que recibe hoy la obra, tal vez la Isidoro Blaisten hubiera seguido en el olvido por mucho tiempo m\u00e1s\u201d &nbsp; &nbsp; &nbsp; &nbsp;&#8230;<\/p>\n","protected":false},"author":3,"featured_media":3955,"comment_status":"closed","ping_status":"closed","sticky":false,"template":"","format":"standard","meta":[],"categories":[15],"tags":[],"_links":{"self":[{"href":"https:\/\/www.actualidadadiario.com\/index.php\/wp-json\/wp\/v2\/posts\/3954"}],"collection":[{"href":"https:\/\/www.actualidadadiario.com\/index.php\/wp-json\/wp\/v2\/posts"}],"about":[{"href":"https:\/\/www.actualidadadiario.com\/index.php\/wp-json\/wp\/v2\/types\/post"}],"author":[{"embeddable":true,"href":"https:\/\/www.actualidadadiario.com\/index.php\/wp-json\/wp\/v2\/users\/3"}],"replies":[{"embeddable":true,"href":"https:\/\/www.actualidadadiario.com\/index.php\/wp-json\/wp\/v2\/comments?post=3954"}],"version-history":[{"count":1,"href":"https:\/\/www.actualidadadiario.com\/index.php\/wp-json\/wp\/v2\/posts\/3954\/revisions"}],"predecessor-version":[{"id":3956,"href":"https:\/\/www.actualidadadiario.com\/index.php\/wp-json\/wp\/v2\/posts\/3954\/revisions\/3956"}],"wp:featuredmedia":[{"embeddable":true,"href":"https:\/\/www.actualidadadiario.com\/index.php\/wp-json\/wp\/v2\/media\/3955"}],"wp:attachment":[{"href":"https:\/\/www.actualidadadiario.com\/index.php\/wp-json\/wp\/v2\/media?parent=3954"}],"wp:term":[{"taxonomy":"category","embeddable":true,"href":"https:\/\/www.actualidadadiario.com\/index.php\/wp-json\/wp\/v2\/categories?post=3954"},{"taxonomy":"post_tag","embeddable":true,"href":"https:\/\/www.actualidadadiario.com\/index.php\/wp-json\/wp\/v2\/tags?post=3954"}],"curies":[{"name":"wp","href":"https:\/\/api.w.org\/{rel}","templated":true}]}}