{"id":3945,"date":"2016-11-04T09:33:07","date_gmt":"2016-11-04T12:33:07","guid":{"rendered":"http:\/\/actualidadadiario.com\/site\/?p=3945"},"modified":"2016-11-04T09:33:07","modified_gmt":"2016-11-04T12:33:07","slug":"declaran-emergencia-agropecuaria-en-tres-provincias","status":"publish","type":"post","link":"https:\/\/www.actualidadadiario.com\/index.php\/2016\/11\/04\/declaran-emergencia-agropecuaria-en-tres-provincias\/","title":{"rendered":"Declaran emergencia agropecuaria en tres provincias"},"content":{"rendered":"<p><em><strong>El Ministerio de Agroindustria declar\u00f3 la emergencia agropecuaria en distintas zonas de las provincias de Buenos Aires, C\u00f3rdoba y Tucum\u00e1n<\/strong><\/em><\/p>\n<p>&nbsp;<\/p>\n<p>&nbsp;<\/p>\n<p>&nbsp;<\/p>\n<p>&nbsp;<\/p>\n<p>&nbsp;<\/p>\n<p>A trav\u00e9s de resoluciones publicadas en el Bolet\u00edn Oficial, la cartera que encabeza Ricardo Bruyaile, en la provincia de Buenos Aires, se beneficia desde el 1 de enero al 31 de octubre pasados a las explotaciones agropecuarias afectadas por &#8220;crecidas, desbordes e inundaciones del sector islas de los Partidos San Fernando y Campana&#8221;.<\/p>\n<p>&nbsp;<\/p>\n<p>Tambi\u00e9n se brinc\u00f3 el beneficio &#8220;en las circunscripciones IV y VIII e islas del Partido San Pedro y las circunscripciones I, II y V e Islas del Partido de Z\u00e1rate&#8221;.<\/p>\n<p>&nbsp;<\/p>\n<p>De igual modo, se declar\u00f3 la emergencia para &#8220;explotaciones agropecuarias afectadas por inundaciones, en las circunscripciones. VI, VIII, X, XI, XII, XIII, XIV y XV del Partido de General Villegas, en las circunscripciones III, IV, V, VI, VII, VIII, IX, y X del Partido Rivadavia, las circunscripciones III, IV, VII, VIII, IX y X del Partido Adolfo Alsina y en las circunscripciones I, II, III, IV, V y XII del Partido de Pu\u00e1n&#8221;.<\/p>\n<p>&nbsp;<\/p>\n<p>En Tucum\u00e1n, el beneficio se extendi\u00f3 &#8220;desde el 15 de octubre de 2015 al 30 de abril de 2017, a las explotaciones vitivin\u00edcolas da\u00f1adas por heladas extremas, de las Comunas Colalao del Valle y Amaicha del Valle&#8221;.<\/p>\n<p>&nbsp;<\/p>\n<p>Al mismo tiempo, en C\u00f3rdoba, la medida se aplic\u00f3 &#8220;desde el 18 de mayo de 2016 al 31 de diciembre de 2016 a las explotaciones agr\u00edcolas, ganaderas, tamberas y ap\u00edcolas, perjudicadas por el fen\u00f3meno de anegamiento de suelos por lluvias extraordinarias&#8221; en las cuentas hidrogr\u00e1ficas de &#8220;R\u00edo Carnero y Salsipuedes; R\u00edo Jes\u00fas Mar\u00eda y R\u00edo Pinto; R\u00edo Totoral y Arroyo Macha; Corral de Bustos y Arroyo del Pescadero; R\u00edo de los T\u00e1rtagos y R\u00edo Seco y Sistema R\u00edo Dulce&#8221;.<\/p>\n<p>&nbsp;<\/p>\n<p>Tambi\u00e9n se dio prorrogado hasta fin de a\u00f1o el beneficio para las cuencas &#8220;R\u00edo Carcara\u00f1\u00e1, Sistema Vicu\u00f1a Mackenna, Arroyo Santa Catalina, Sistema de Canals, R\u00edo Quinto (Popopis), Sistema de General Roca, Sistema Morteros, R\u00edo Segundo y Sistema San Francisco&#8221;.<\/p>\n","protected":false},"excerpt":{"rendered":"<p>El Ministerio de Agroindustria declar\u00f3 la emergencia agropecuaria en distintas zonas de las provincias de Buenos Aires, C\u00f3rdoba y Tucum\u00e1n &nbsp; &nbsp; &nbsp; &nbsp; &nbsp; A trav\u00e9s de resoluciones publicadas en el Bolet\u00edn Oficial, la cartera que encabeza Ricardo Bruyaile, en la provincia de Buenos Aires, se beneficia desde el 1 de enero al 31 de octubre pasados a las explotaciones agropecuarias afectadas por &#8220;crecidas, desbordes e inundaciones del sector islas de los Partidos San Fernando y Campana&#8221;. &nbsp; Tambi\u00e9n se brinc\u00f3 el beneficio &#8220;en las circunscripciones IV y VIII&#8230;<\/p>\n","protected":false},"author":3,"featured_media":3946,"comment_status":"closed","ping_status":"closed","sticky":false,"template":"","format":"standard","meta":[],"categories":[2],"tags":[],"_links":{"self":[{"href":"https:\/\/www.actualidadadiario.com\/index.php\/wp-json\/wp\/v2\/posts\/3945"}],"collection":[{"href":"https:\/\/www.actualidadadiario.com\/index.php\/wp-json\/wp\/v2\/posts"}],"about":[{"href":"https:\/\/www.actualidadadiario.com\/index.php\/wp-json\/wp\/v2\/types\/post"}],"author":[{"embeddable":true,"href":"https:\/\/www.actualidadadiario.com\/index.php\/wp-json\/wp\/v2\/users\/3"}],"replies":[{"embeddable":true,"href":"https:\/\/www.actualidadadiario.com\/index.php\/wp-json\/wp\/v2\/comments?post=3945"}],"version-history":[{"count":1,"href":"https:\/\/www.actualidadadiario.com\/index.php\/wp-json\/wp\/v2\/posts\/3945\/revisions"}],"predecessor-version":[{"id":3947,"href":"https:\/\/www.actualidadadiario.com\/index.php\/wp-json\/wp\/v2\/posts\/3945\/revisions\/3947"}],"wp:featuredmedia":[{"embeddable":true,"href":"https:\/\/www.actualidadadiario.com\/index.php\/wp-json\/wp\/v2\/media\/3946"}],"wp:attachment":[{"href":"https:\/\/www.actualidadadiario.com\/index.php\/wp-json\/wp\/v2\/media?parent=3945"}],"wp:term":[{"taxonomy":"category","embeddable":true,"href":"https:\/\/www.actualidadadiario.com\/index.php\/wp-json\/wp\/v2\/categories?post=3945"},{"taxonomy":"post_tag","embeddable":true,"href":"https:\/\/www.actualidadadiario.com\/index.php\/wp-json\/wp\/v2\/tags?post=3945"}],"curies":[{"name":"wp","href":"https:\/\/api.w.org\/{rel}","templated":true}]}}