{"id":3942,"date":"2016-11-04T09:32:06","date_gmt":"2016-11-04T12:32:06","guid":{"rendered":"http:\/\/actualidadadiario.com\/site\/?p=3942"},"modified":"2016-11-04T09:32:06","modified_gmt":"2016-11-04T12:32:06","slug":"el-gobierno-inicia-una-campana-global-para-evitar-la-liberacion-de-milagro-sala","status":"publish","type":"post","link":"https:\/\/www.actualidadadiario.com\/index.php\/2016\/11\/04\/el-gobierno-inicia-una-campana-global-para-evitar-la-liberacion-de-milagro-sala\/","title":{"rendered":"El Gobierno inicia una campa\u00f1a global para evitar la liberaci\u00f3n de Milagro Sala"},"content":{"rendered":"<p><em><strong>Mandar\u00e1 a funcionarios a una misi\u00f3n a Washington y a Nueva York para evitar dict\u00e1menes adversos respecto a la detenci\u00f3n de la dirigente social<\/strong><\/em><\/p>\n<p>&nbsp;<\/p>\n<p>&nbsp;<\/p>\n<p>&nbsp;<\/p>\n<p>El embajador de Derechos Humanos de la Canciller\u00eda, Leandro Despouy, y el secretario de Derechos Humanos bonaerense, Santiago Cant\u00f3n, viajaron a Washington para reunirse con miembros de la Comisi\u00f3n Interamericana de Derechos Humanos de la OEA, con la intenci\u00f3n de plantear que se evite una declaraci\u00f3n que pida liberar a la dirigente Milagro Sala.<\/p>\n<p>&nbsp;<\/p>\n<p>Seg\u00fan la versi\u00f3n, que publica este viernes el diario La Naci\u00f3n, en el oficialismo existe &#8220;el temor de que la Comisi\u00f3n Interamericana asimile los fundamentos del Grupo de Trabajo de la ONU y tambi\u00e9n declare la detenci\u00f3n arbitraria de Sala&#8221;. La Comisi\u00f3n Interamericana de Derechos Humanos de la OEA se reunir\u00e1 en diciembre pr\u00f3ximo en Panam\u00e1 y podr\u00eda emitir un informe sobre la situaci\u00f3n de Sala, a causa de las denuncias presentadas por el CELS y por la oficina argentina de Amnist\u00eda Internacional.<\/p>\n<p>&nbsp;<\/p>\n<p>Seg\u00fan la versi\u00f3n period\u00edstica, la canciller Susana Malcorra; el secretario de Derechos Humanos, Claudio Avruj, y el gobernador de Jujuy, Gerardo Morales, elaboraron en las \u00faltimas horas una estrategia com\u00fan para evitar otro informe adverso de un organismo internacional contra el Gobeirno por la situaci\u00f3n de Milagro Sala.<\/p>\n<p>&nbsp;<\/p>\n<p>Adem\u00e1s, el secretario de Derechos Humanos, Claudio Avruj, viajar\u00e1 el 21 de noviembre a Ginebra para participar de una audiencia del Comit\u00e9 de Discriminaci\u00f3n de la ONU, donde se espera que el tema Sala se instale en el debate sobre el cap\u00edtulo argentino.<\/p>\n<p>&nbsp;<\/p>\n","protected":false},"excerpt":{"rendered":"<p>Mandar\u00e1 a funcionarios a una misi\u00f3n a Washington y a Nueva York para evitar dict\u00e1menes adversos respecto a la detenci\u00f3n de la dirigente social &nbsp; &nbsp; &nbsp; El embajador de Derechos Humanos de la Canciller\u00eda, Leandro Despouy, y el secretario de Derechos Humanos bonaerense, Santiago Cant\u00f3n, viajaron a Washington para reunirse con miembros de la Comisi\u00f3n Interamericana de Derechos Humanos de la OEA, con la intenci\u00f3n de plantear que se evite una declaraci\u00f3n que pida liberar a la dirigente Milagro Sala. &nbsp; Seg\u00fan la versi\u00f3n, que publica este viernes el&#8230;<\/p>\n","protected":false},"author":3,"featured_media":3943,"comment_status":"closed","ping_status":"closed","sticky":false,"template":"","format":"standard","meta":[],"categories":[18],"tags":[],"_links":{"self":[{"href":"https:\/\/www.actualidadadiario.com\/index.php\/wp-json\/wp\/v2\/posts\/3942"}],"collection":[{"href":"https:\/\/www.actualidadadiario.com\/index.php\/wp-json\/wp\/v2\/posts"}],"about":[{"href":"https:\/\/www.actualidadadiario.com\/index.php\/wp-json\/wp\/v2\/types\/post"}],"author":[{"embeddable":true,"href":"https:\/\/www.actualidadadiario.com\/index.php\/wp-json\/wp\/v2\/users\/3"}],"replies":[{"embeddable":true,"href":"https:\/\/www.actualidadadiario.com\/index.php\/wp-json\/wp\/v2\/comments?post=3942"}],"version-history":[{"count":1,"href":"https:\/\/www.actualidadadiario.com\/index.php\/wp-json\/wp\/v2\/posts\/3942\/revisions"}],"predecessor-version":[{"id":3944,"href":"https:\/\/www.actualidadadiario.com\/index.php\/wp-json\/wp\/v2\/posts\/3942\/revisions\/3944"}],"wp:featuredmedia":[{"embeddable":true,"href":"https:\/\/www.actualidadadiario.com\/index.php\/wp-json\/wp\/v2\/media\/3943"}],"wp:attachment":[{"href":"https:\/\/www.actualidadadiario.com\/index.php\/wp-json\/wp\/v2\/media?parent=3942"}],"wp:term":[{"taxonomy":"category","embeddable":true,"href":"https:\/\/www.actualidadadiario.com\/index.php\/wp-json\/wp\/v2\/categories?post=3942"},{"taxonomy":"post_tag","embeddable":true,"href":"https:\/\/www.actualidadadiario.com\/index.php\/wp-json\/wp\/v2\/tags?post=3942"}],"curies":[{"name":"wp","href":"https:\/\/api.w.org\/{rel}","templated":true}]}}