{"id":3933,"date":"2016-11-04T09:29:07","date_gmt":"2016-11-04T12:29:07","guid":{"rendered":"http:\/\/actualidadadiario.com\/site\/?p=3933"},"modified":"2016-11-04T09:29:07","modified_gmt":"2016-11-04T12:29:07","slug":"el-dictado-de-clases-terminara-el-30-de-noviembre-en-la-provincia","status":"publish","type":"post","link":"https:\/\/www.actualidadadiario.com\/index.php\/2016\/11\/04\/el-dictado-de-clases-terminara-el-30-de-noviembre-en-la-provincia\/","title":{"rendered":"El dictado de clases terminar\u00e1 el 30 de noviembre en la provincia"},"content":{"rendered":"<p><em><strong>El 30 de noviembre finalizar\u00e1 el dictado de clases en las escuelas entrerrianas, seg\u00fan lo estableci\u00f3 mediante una circular el Consejo General de Educaci\u00f3n (CGE), en tanto que la culminaci\u00f3n del ciclo escolar ser\u00e1 el 16 de diciembre<\/strong><\/em><\/p>\n<p>&nbsp;<\/p>\n<p>&nbsp;<\/p>\n<p>&nbsp;<\/p>\n<p>El CGE dio a conocer la circular N\u00ba 14, tras un encuentro que mantuvo su titular, Jos\u00e9 Luis Panozzo, con representantes gremiales, pol\u00edticos y de la educaci\u00f3n, donde se acordaron las fechas para la culminaci\u00f3n del ciclo escolar 2016 y, adem\u00e1s, se empez\u00f3 a trabajar sobre el posible calendario escolar 2017.<\/p>\n<p>&nbsp;<\/p>\n<p>Las fechas para el cierre del periodo 2016, quedaron establecidas de la siguiente manera: El 30 de noviembre finalizar\u00e1n lo alumnos que completen satisfactoriamente su trayectoria; del 1 al 7 de diciembre se realizar\u00e1 el per\u00edodo de profundizaci\u00f3n de la instancia de integraci\u00f3n, revisi\u00f3n, evaluaci\u00f3n y acreditaci\u00f3n de saberes; mientras que del 9 al 16 de ese mes tendr\u00e1 lugar la evaluaci\u00f3n de alumnos con espacios curriculares pendientes de aprobaci\u00f3n en condici\u00f3n de regular, con materias previas, libre y equivalencias.<\/p>\n<p>&nbsp;<\/p>\n<p>La circular establece, adem\u00e1s, el 7 de diciembre como fecha l\u00edmite para la designaci\u00f3n de personal docente suplente de todos los niveles y modalidades. Quedan exceptuados de esta fecha los establecimientos educativos de Nivel Inicial que funcionan sin suspensi\u00f3n de actividades durante el receso de verano y los de Nivel Primario de personal \u00fanico; los de 4\u00b0 categor\u00eda cuando el directivo posea grado a cargo; centros de Educaci\u00f3n F\u00edsica adscriptos a convenios municipales y personal docente de las escuelas secundarias incluidas en la resoluci\u00f3n 4300\/14 CGE.<\/p>\n<p>&nbsp;<\/p>\n<p>Participaron del encuentro la vocal Rita Nievas; la vocal gremial, Perla Florent\u00edn; los representantes de la Asociaci\u00f3n del Magisterio de Ense\u00f1anza T\u00e9cnica (AMET), Andr\u00e9s Besel y Lisandro Ledesma; de Uni\u00f3n Docentes Argentinos (UDA), Mirta Raya y Rosa Mar\u00eda Ram\u00edrez; de la Asociaci\u00f3n Gremial del Magisterio de Entre R\u00edos (Agmer), Ana Delaloye; y del Sindicato Argentino de Docentes Privados (Sadop), Sergio Pesoa.<\/p>\n","protected":false},"excerpt":{"rendered":"<p>El 30 de noviembre finalizar\u00e1 el dictado de clases en las escuelas entrerrianas, seg\u00fan lo estableci\u00f3 mediante una circular el Consejo General de Educaci\u00f3n (CGE), en tanto que la culminaci\u00f3n del ciclo escolar ser\u00e1 el 16 de diciembre &nbsp; &nbsp; &nbsp; El CGE dio a conocer la circular N\u00ba 14, tras un encuentro que mantuvo su titular, Jos\u00e9 Luis Panozzo, con representantes gremiales, pol\u00edticos y de la educaci\u00f3n, donde se acordaron las fechas para la culminaci\u00f3n del ciclo escolar 2016 y, adem\u00e1s, se empez\u00f3 a trabajar sobre el posible calendario&#8230;<\/p>\n","protected":false},"author":3,"featured_media":3934,"comment_status":"closed","ping_status":"closed","sticky":false,"template":"","format":"standard","meta":[],"categories":[9],"tags":[],"_links":{"self":[{"href":"https:\/\/www.actualidadadiario.com\/index.php\/wp-json\/wp\/v2\/posts\/3933"}],"collection":[{"href":"https:\/\/www.actualidadadiario.com\/index.php\/wp-json\/wp\/v2\/posts"}],"about":[{"href":"https:\/\/www.actualidadadiario.com\/index.php\/wp-json\/wp\/v2\/types\/post"}],"author":[{"embeddable":true,"href":"https:\/\/www.actualidadadiario.com\/index.php\/wp-json\/wp\/v2\/users\/3"}],"replies":[{"embeddable":true,"href":"https:\/\/www.actualidadadiario.com\/index.php\/wp-json\/wp\/v2\/comments?post=3933"}],"version-history":[{"count":1,"href":"https:\/\/www.actualidadadiario.com\/index.php\/wp-json\/wp\/v2\/posts\/3933\/revisions"}],"predecessor-version":[{"id":3935,"href":"https:\/\/www.actualidadadiario.com\/index.php\/wp-json\/wp\/v2\/posts\/3933\/revisions\/3935"}],"wp:featuredmedia":[{"embeddable":true,"href":"https:\/\/www.actualidadadiario.com\/index.php\/wp-json\/wp\/v2\/media\/3934"}],"wp:attachment":[{"href":"https:\/\/www.actualidadadiario.com\/index.php\/wp-json\/wp\/v2\/media?parent=3933"}],"wp:term":[{"taxonomy":"category","embeddable":true,"href":"https:\/\/www.actualidadadiario.com\/index.php\/wp-json\/wp\/v2\/categories?post=3933"},{"taxonomy":"post_tag","embeddable":true,"href":"https:\/\/www.actualidadadiario.com\/index.php\/wp-json\/wp\/v2\/tags?post=3933"}],"curies":[{"name":"wp","href":"https:\/\/api.w.org\/{rel}","templated":true}]}}