{"id":3924,"date":"2016-11-04T09:26:38","date_gmt":"2016-11-04T12:26:38","guid":{"rendered":"http:\/\/actualidadadiario.com\/site\/?p=3924"},"modified":"2016-11-04T09:26:38","modified_gmt":"2016-11-04T12:26:38","slug":"las-cta-y-organizaciones-sociales-protestan-contra-el-gobierno-en-plaza-de-mayo","status":"publish","type":"post","link":"https:\/\/www.actualidadadiario.com\/index.php\/2016\/11\/04\/las-cta-y-organizaciones-sociales-protestan-contra-el-gobierno-en-plaza-de-mayo\/","title":{"rendered":"Las CTA y organizaciones sociales protestan contra el Gobierno en Plaza de Mayo"},"content":{"rendered":"<p><em><strong>Las dos CTA y movimientos sociales coincidir\u00e1n esta tarde en un acto en la Plaza de Mayo junto a organizaciones de cooperativistas, peque\u00f1os productores agropecuarios y entidades estudiantiles. Ser\u00e1 una m\u00f3dica protesta contra el Gobierno luego de que los organizadores no consiguieran la adhesi\u00f3n de la CGT a un paro nacional, como hab\u00edan propuesto originalmente<\/strong><\/em><\/p>\n<p>&nbsp;<\/p>\n<p>&nbsp;<\/p>\n<p>&nbsp;<\/p>\n<p>&nbsp;<\/p>\n<p>&nbsp;<\/p>\n<p>&nbsp;<\/p>\n<p>Algunas agrupaciones sociales y la Federaci\u00f3n Agraria, no obstante, est\u00e1n desde la ma\u00f1ana en el centro porte\u00f1o con su propia agenda de reclamos antes de acoplarse a la manifestaci\u00f3n de la tarde.<\/p>\n<p>&nbsp;<\/p>\n<p>La jornada tendr\u00e1 como eje la protesta contra el ajuste aplicado por la administraci\u00f3n de Mauricio Macri, contra la suba de tarifas y para repudiar el bono de fin de a\u00f1o acordado por la CGT con el empresariado con aval del Ejecutivo en reemplazo de una reapertura amplia de las paritarias, como hab\u00edan exigido en un principio las CTA y algunos gremios tradicionales como la Asociaci\u00f3n Bancaria.<\/p>\n<p>&nbsp;<\/p>\n<p>El peso mayor de la movilizaci\u00f3n correr\u00e1 por cuenta de ambas versiones de la CTA, tanto la que lidera el docente Hugo Yasky como la del estatal Pablo Micheli. Juntos encabezar\u00e1n la columna principal que marchar\u00e1 hacia la Plaza de Mayo unida bajo la consigna &#8220;Ni hambre ni despidos&#8221; para terminar con un acto a las 17. Hablar\u00e1n en esa ocasi\u00f3n dirigentes de los movimientos de inquilinos y de las cooperativas de trabajo as\u00ed como el titular de ATE Capital Federal, Daniel Catalano.<\/p>\n<p>&nbsp;<\/p>\n<p>El cierre estar\u00e1 a cargo de Yasky y de Micheli. El docente le explic\u00f3 a este diario que la manifestaci\u00f3n se enmarc\u00f3 &#8220;en una jornada continental de lucha contra las pol\u00edticas neoliberales y los tratados de libre comercio&#8221; y coment\u00f3 que en esa l\u00ednea se conmemorar\u00e1 el onceavo aniversario del rechazo al ALCA que protagoniz\u00f3 la Argentina junto con otros pa\u00edses de la regi\u00f3n.<\/p>\n<p>&nbsp;<\/p>\n<p>La movilizaci\u00f3n a la Plaza de Mayo fue el atajo que encontraron los l\u00edderes de ambas CTA para suplir una huelga que buscaron coordinar sin \u00e9xito con la CGT y que se frustr\u00f3 una vez que la central obrera mayoritaria pact\u00f3 con el Ejecutivo un bono de fin de a\u00f1o de mil pesos para jubilados y beneficiarios de la Asignaci\u00f3n Universal por Hijo, as\u00ed como la exenci\u00f3n en el pago de Ganancias del medio aguinaldo y la apertura de negociaciones individuales por gremios por un plus con una base de $ 2.000.<\/p>\n<p>&nbsp;<\/p>\n<p>Como premio consuelo hoy se espera la participaci\u00f3n de algunos sindicatos afiliados a la CGT aunque disidentes en su estrategia negociadora, como el de gr\u00e1ficos (FGB), trabajadores de televisi\u00f3n (SAT) y obreros curtidores (SOC), entre otros.<\/p>\n<p>&nbsp;<\/p>\n<p>En paralelo, aunque sin formar parte de la organizaci\u00f3n original, el Movimiento Evita, la Corriente Clasista y Combativa, Barrios de Pie y la Confederaci\u00f3n de Trabajadores de la Econom\u00eda Popular (CTEP) confluir\u00e1n en la Plaza de Mayo para el acto central luego de haber participado desde la ma\u00f1ana en una protesta frente al Ministerio de Agricultura junto a dirigentes de la Federaci\u00f3n Agraria. Las organizaciones sociales tienen en agenda, como acto central, el que protagonizar\u00e1n el 18 de noviembre junto con la CGT, con la que establecieron un acuerdo estrat\u00e9gico de mutuo respaldo y reconocimiento.<\/p>\n","protected":false},"excerpt":{"rendered":"<p>Las dos CTA y movimientos sociales coincidir\u00e1n esta tarde en un acto en la Plaza de Mayo junto a organizaciones de cooperativistas, peque\u00f1os productores agropecuarios y entidades estudiantiles. Ser\u00e1 una m\u00f3dica protesta contra el Gobierno luego de que los organizadores no consiguieran la adhesi\u00f3n de la CGT a un paro nacional, como hab\u00edan propuesto originalmente &nbsp; &nbsp; &nbsp; &nbsp; &nbsp; &nbsp; Algunas agrupaciones sociales y la Federaci\u00f3n Agraria, no obstante, est\u00e1n desde la ma\u00f1ana en el centro porte\u00f1o con su propia agenda de reclamos antes de acoplarse a la manifestaci\u00f3n&#8230;<\/p>\n","protected":false},"author":3,"featured_media":3925,"comment_status":"closed","ping_status":"closed","sticky":false,"template":"","format":"standard","meta":[],"categories":[9],"tags":[],"_links":{"self":[{"href":"https:\/\/www.actualidadadiario.com\/index.php\/wp-json\/wp\/v2\/posts\/3924"}],"collection":[{"href":"https:\/\/www.actualidadadiario.com\/index.php\/wp-json\/wp\/v2\/posts"}],"about":[{"href":"https:\/\/www.actualidadadiario.com\/index.php\/wp-json\/wp\/v2\/types\/post"}],"author":[{"embeddable":true,"href":"https:\/\/www.actualidadadiario.com\/index.php\/wp-json\/wp\/v2\/users\/3"}],"replies":[{"embeddable":true,"href":"https:\/\/www.actualidadadiario.com\/index.php\/wp-json\/wp\/v2\/comments?post=3924"}],"version-history":[{"count":1,"href":"https:\/\/www.actualidadadiario.com\/index.php\/wp-json\/wp\/v2\/posts\/3924\/revisions"}],"predecessor-version":[{"id":3926,"href":"https:\/\/www.actualidadadiario.com\/index.php\/wp-json\/wp\/v2\/posts\/3924\/revisions\/3926"}],"wp:featuredmedia":[{"embeddable":true,"href":"https:\/\/www.actualidadadiario.com\/index.php\/wp-json\/wp\/v2\/media\/3925"}],"wp:attachment":[{"href":"https:\/\/www.actualidadadiario.com\/index.php\/wp-json\/wp\/v2\/media?parent=3924"}],"wp:term":[{"taxonomy":"category","embeddable":true,"href":"https:\/\/www.actualidadadiario.com\/index.php\/wp-json\/wp\/v2\/categories?post=3924"},{"taxonomy":"post_tag","embeddable":true,"href":"https:\/\/www.actualidadadiario.com\/index.php\/wp-json\/wp\/v2\/tags?post=3924"}],"curies":[{"name":"wp","href":"https:\/\/api.w.org\/{rel}","templated":true}]}}