{"id":3921,"date":"2016-11-04T09:25:46","date_gmt":"2016-11-04T12:25:46","guid":{"rendered":"http:\/\/actualidadadiario.com\/site\/?p=3921"},"modified":"2016-11-04T09:25:46","modified_gmt":"2016-11-04T12:25:46","slug":"yasky-estamos-mas-cerca-de-la-unidad-en-la-accion-entre-la-cgt-y-la-cta","status":"publish","type":"post","link":"https:\/\/www.actualidadadiario.com\/index.php\/2016\/11\/04\/yasky-estamos-mas-cerca-de-la-unidad-en-la-accion-entre-la-cgt-y-la-cta\/","title":{"rendered":"Yasky: &#8220;Estamos m\u00e1s cerca de la unidad en la acci\u00f3n entre la CGT y la CTA&#8221;"},"content":{"rendered":"<p><em><strong>El secretario general de la CTA de los Trabajadores advirti\u00f3 que &#8220;el Gobierno pretende que el a\u00f1o que viene los salarios tengan un techo del 15 por ciento&#8221;<\/strong><\/em><\/p>\n<p>&nbsp;<\/p>\n<p>&nbsp;<\/p>\n<p>&nbsp;<\/p>\n<p>El secretario general de la Central de Trabajadores de la Argentina (CTA), Hugo Yasky, advirti\u00f3 que tanto la entidad que encabeza como la Confederaci\u00f3n General del Trabajo (CGT) est\u00e1n &#8220;m\u00e1s cerca de la unidad en la acci\u00f3n y luchas conjuntas&#8221;, en el marco de un &#8220;escenario de divisi\u00f3n que impone el gobierno&#8221; de Mauricio Macri.<\/p>\n<p>&nbsp;<\/p>\n<p>&#8220;Est\u00e1 claro que el Gobierno est\u00e1 profundizando los problemas que tienen que ver con el desempleo y la ca\u00edda del salario&#8221;, afirm\u00f3 el gremialista en di\u00e1logo con Colores Primarios (360TV). &#8220;No se reactiv\u00f3 nada, los brotes verdes que dicen que ven es el musgo que crece en la billetera de los trabajadores&#8221;, agreg\u00f3.<\/p>\n<p>&nbsp;<\/p>\n<p>Por esa raz\u00f3n, tanto la CTA que conduce Yasky como la CTA Aut\u00f3noma de Pablo Micheli, realizar\u00e1n<\/p>\n<p>ma\u00f1ana un paro nacional que incluir\u00e1 una movilizaci\u00f3n a la Plaza de Mayo, en reclamo de la reapertura de paritarias y en rechazo a las pol\u00edticas del Gobierno.<\/p>\n<p>&nbsp;<\/p>\n<p>Bajo el lema &#8220;Ni hambre, ni Despidos&#8221;, las dos CTA concentrar\u00e1n en la Avenida 9 de Julio y marchar\u00e1n a las 17 hacia la principal plaza porte\u00f1a, donde se har\u00e1 un acto en el que Micheli y Yasky ser\u00e1n los principales oradores. &#8220;Va a haber muchos trabajadores, tambi\u00e9n de los que est\u00e1n enrolados en la CGT&#8221;, puntualiz\u00f3.<\/p>\n<p>&nbsp;<\/p>\n<p>De cara al futuro, analiz\u00f3: &#8220;Estamos en una situaci\u00f3n en la que, con la perspectiva de un Gobierno que pretende que los salarios el a\u00f1o que viene tengan un techo del 15 o 17 por ciento, la foto esa del di\u00e1logo social qued\u00f3 atr\u00e1s y para adelante viene la unidad en la acci\u00f3n y luchas conjuntas de la CGT y de la CTA&#8221;.<\/p>\n","protected":false},"excerpt":{"rendered":"<p>El secretario general de la CTA de los Trabajadores advirti\u00f3 que &#8220;el Gobierno pretende que el a\u00f1o que viene los salarios tengan un techo del 15 por ciento&#8221; &nbsp; &nbsp; &nbsp; El secretario general de la Central de Trabajadores de la Argentina (CTA), Hugo Yasky, advirti\u00f3 que tanto la entidad que encabeza como la Confederaci\u00f3n General del Trabajo (CGT) est\u00e1n &#8220;m\u00e1s cerca de la unidad en la acci\u00f3n y luchas conjuntas&#8221;, en el marco de un &#8220;escenario de divisi\u00f3n que impone el gobierno&#8221; de Mauricio Macri. &nbsp; &#8220;Est\u00e1 claro que&#8230;<\/p>\n","protected":false},"author":3,"featured_media":3922,"comment_status":"closed","ping_status":"closed","sticky":false,"template":"","format":"standard","meta":[],"categories":[18],"tags":[],"_links":{"self":[{"href":"https:\/\/www.actualidadadiario.com\/index.php\/wp-json\/wp\/v2\/posts\/3921"}],"collection":[{"href":"https:\/\/www.actualidadadiario.com\/index.php\/wp-json\/wp\/v2\/posts"}],"about":[{"href":"https:\/\/www.actualidadadiario.com\/index.php\/wp-json\/wp\/v2\/types\/post"}],"author":[{"embeddable":true,"href":"https:\/\/www.actualidadadiario.com\/index.php\/wp-json\/wp\/v2\/users\/3"}],"replies":[{"embeddable":true,"href":"https:\/\/www.actualidadadiario.com\/index.php\/wp-json\/wp\/v2\/comments?post=3921"}],"version-history":[{"count":1,"href":"https:\/\/www.actualidadadiario.com\/index.php\/wp-json\/wp\/v2\/posts\/3921\/revisions"}],"predecessor-version":[{"id":3923,"href":"https:\/\/www.actualidadadiario.com\/index.php\/wp-json\/wp\/v2\/posts\/3921\/revisions\/3923"}],"wp:featuredmedia":[{"embeddable":true,"href":"https:\/\/www.actualidadadiario.com\/index.php\/wp-json\/wp\/v2\/media\/3922"}],"wp:attachment":[{"href":"https:\/\/www.actualidadadiario.com\/index.php\/wp-json\/wp\/v2\/media?parent=3921"}],"wp:term":[{"taxonomy":"category","embeddable":true,"href":"https:\/\/www.actualidadadiario.com\/index.php\/wp-json\/wp\/v2\/categories?post=3921"},{"taxonomy":"post_tag","embeddable":true,"href":"https:\/\/www.actualidadadiario.com\/index.php\/wp-json\/wp\/v2\/tags?post=3921"}],"curies":[{"name":"wp","href":"https:\/\/api.w.org\/{rel}","templated":true}]}}