{"id":3915,"date":"2016-11-04T09:24:08","date_gmt":"2016-11-04T12:24:08","guid":{"rendered":"http:\/\/actualidadadiario.com\/site\/?p=3915"},"modified":"2016-11-04T09:24:08","modified_gmt":"2016-11-04T12:24:08","slug":"en-medio-de-la-investigacion-a-michetti-la-justicia-va-contra-todas-las-fundaciones-de-dirigentes-del-pro","status":"publish","type":"post","link":"https:\/\/www.actualidadadiario.com\/index.php\/2016\/11\/04\/en-medio-de-la-investigacion-a-michetti-la-justicia-va-contra-todas-las-fundaciones-de-dirigentes-del-pro\/","title":{"rendered":"En medio de la investigaci\u00f3n a Michetti, la Justicia va contra todas las fundaciones de dirigentes del PRO"},"content":{"rendered":"<p><em><strong>El juez federal Ariel Lijo levant\u00f3 el secreto bancario de ellas. Todas dependen del partido que gobierna el pa\u00eds<\/strong><\/em><\/p>\n<p>&nbsp;<\/p>\n<p>&nbsp;<\/p>\n<p>&nbsp;<\/p>\n<p>La justicia puso en la mira a todas las fundaciones que manejas dirigentes del PRO tras el esc\u00e1ndalo con SUMA, que dirige Gabriela Michetti.<\/p>\n<p>&nbsp;<\/p>\n<p>El juez federal Ariel Lijo levant\u00f3 el secreto bancario a tres fundaciones vinculadas al PRO, el partido que conduce el pa\u00eds.<\/p>\n<p>&nbsp;<\/p>\n<p>Lijo hizo un pedido al Banco Central para que las entidades bancarias informen la cuentas que poseen las fundaciones Formar y Fundar-Justicia y Seguridad, todas lideradas por personas del PRO, seg\u00fan revela el portal Infobae.<\/p>\n<p>&nbsp;<\/p>\n<p>La Fundaci\u00f3n Formar est\u00e1 encabezada por el ministro de Transporte de la Naci\u00f3n Guillermo Dietrich. Y la Fundaci\u00f3n Fundar-Justicia y Seguridad est\u00e1 en manos de Eugenio Burzaco, secretario de Seguridad de la Naci\u00f3n.<\/p>\n<p>&nbsp;<\/p>\n<p>Este pedido se da en el marco de la causa que intenta determinar si la vicepresidenta puede justificar el dinero que fue robado de su casa en noviembre de 2015, que seg\u00fan Michetti eran 200 mil pesos que pertenec\u00edan a donaciones que se realizaron a la Fundaci\u00f3n SUMA.<\/p>\n<p>&nbsp;<\/p>\n<p>Sin embargo, el fiscal Guillermo Mariju\u00e1n imput\u00f3 a Michetti y se investiga si hay forma de justificar ese dinero y qued\u00f3 en la mira por una denuncia la Fundaci\u00f3n SUMA, ya que ser\u00eda usada por dirigentes del PRO para el financiamiento ilegal de la pol\u00edtica.<\/p>\n","protected":false},"excerpt":{"rendered":"<p>El juez federal Ariel Lijo levant\u00f3 el secreto bancario de ellas. Todas dependen del partido que gobierna el pa\u00eds &nbsp; &nbsp; &nbsp; La justicia puso en la mira a todas las fundaciones que manejas dirigentes del PRO tras el esc\u00e1ndalo con SUMA, que dirige Gabriela Michetti. &nbsp; El juez federal Ariel Lijo levant\u00f3 el secreto bancario a tres fundaciones vinculadas al PRO, el partido que conduce el pa\u00eds. &nbsp; Lijo hizo un pedido al Banco Central para que las entidades bancarias informen la cuentas que poseen las fundaciones Formar y&#8230;<\/p>\n","protected":false},"author":3,"featured_media":3916,"comment_status":"closed","ping_status":"closed","sticky":false,"template":"","format":"standard","meta":[],"categories":[9],"tags":[],"_links":{"self":[{"href":"https:\/\/www.actualidadadiario.com\/index.php\/wp-json\/wp\/v2\/posts\/3915"}],"collection":[{"href":"https:\/\/www.actualidadadiario.com\/index.php\/wp-json\/wp\/v2\/posts"}],"about":[{"href":"https:\/\/www.actualidadadiario.com\/index.php\/wp-json\/wp\/v2\/types\/post"}],"author":[{"embeddable":true,"href":"https:\/\/www.actualidadadiario.com\/index.php\/wp-json\/wp\/v2\/users\/3"}],"replies":[{"embeddable":true,"href":"https:\/\/www.actualidadadiario.com\/index.php\/wp-json\/wp\/v2\/comments?post=3915"}],"version-history":[{"count":1,"href":"https:\/\/www.actualidadadiario.com\/index.php\/wp-json\/wp\/v2\/posts\/3915\/revisions"}],"predecessor-version":[{"id":3917,"href":"https:\/\/www.actualidadadiario.com\/index.php\/wp-json\/wp\/v2\/posts\/3915\/revisions\/3917"}],"wp:featuredmedia":[{"embeddable":true,"href":"https:\/\/www.actualidadadiario.com\/index.php\/wp-json\/wp\/v2\/media\/3916"}],"wp:attachment":[{"href":"https:\/\/www.actualidadadiario.com\/index.php\/wp-json\/wp\/v2\/media?parent=3915"}],"wp:term":[{"taxonomy":"category","embeddable":true,"href":"https:\/\/www.actualidadadiario.com\/index.php\/wp-json\/wp\/v2\/categories?post=3915"},{"taxonomy":"post_tag","embeddable":true,"href":"https:\/\/www.actualidadadiario.com\/index.php\/wp-json\/wp\/v2\/tags?post=3915"}],"curies":[{"name":"wp","href":"https:\/\/api.w.org\/{rel}","templated":true}]}}