{"id":3912,"date":"2016-11-04T09:23:26","date_gmt":"2016-11-04T12:23:26","guid":{"rendered":"http:\/\/actualidadadiario.com\/site\/?p=3912"},"modified":"2016-11-04T09:23:26","modified_gmt":"2016-11-04T12:23:26","slug":"asambleistas-de-gualeguaychu-piden-que-se-cierre-la-ex-botnia-tras-confirmarse-que-contamino","status":"publish","type":"post","link":"https:\/\/www.actualidadadiario.com\/index.php\/2016\/11\/04\/asambleistas-de-gualeguaychu-piden-que-se-cierre-la-ex-botnia-tras-confirmarse-que-contamino\/","title":{"rendered":"Asamble\u00edstas de Gualeguaych\u00fa piden que se cierre la ex-Botnia tras confirmarse que contamin\u00f3"},"content":{"rendered":"<p><em>El asamble\u00edsta ambiental de la ciudad entrerriana de Gualeguaych\u00fa, Jos\u00e9 Pouler, sostuvo que la pastera ex-Botnia &#8220;deber\u00eda cerrarse&#8221; tras conocerse el informe que confirma que contamin\u00f3 el r\u00edo Uruguay<\/em><\/p>\n<p>&nbsp;<\/p>\n<p>&nbsp;<\/p>\n<p>&nbsp;<\/p>\n<p>&nbsp;<\/p>\n<p>&nbsp;<\/p>\n<p>&#8220;Espero que Tabar\u00e9 V\u00e1zquez cumpla su promesa. El presidente uruguayo dijo que si la pastera contaminaba la cerraba, as\u00ed que por l\u00f3gica deber\u00eda cerrarla&#8221;, explic\u00f3 en declaraciones a Radio 10.<\/p>\n<p>&nbsp;<\/p>\n<p>Pidi\u00f3 adem\u00e1s nuevas mediciones para recabar datos. &#8220;A veces hay cosas que se pueden hacer pero debe hacerlas el gobierno, ni los privados ni los ambientalistas. Lo correcto es que el gobierno haga las mediciones de aire, que es lo que denunciamos y a lo que le tenemos miedo, por las diversas patolog\u00edas que se generaron&#8221;, agreg\u00f3.<\/p>\n<p>&nbsp;<\/p>\n<p>M\u00e1s temprano, el presidente de la delegaci\u00f3n argentina de la Comisi\u00f3n Administradora del R\u00edo Uruguay (CARU), Mauro Vaz\u00f3n, destac\u00f3 la importancia de que en un futuro cercano pueda sumarse Brasil a las mediciones ambientales en el r\u00edo Uruguay.<\/p>\n<p>&nbsp;<\/p>\n<p>&#8220;El r\u00edo nace en Brasil y necesitamos saber c\u00f3mo est\u00e1 el r\u00edo en su totalidad, por lo que es necesario que Brasil participe&#8221;, sostuvo en declaraciones a Radio 10.<\/p>\n<p>&nbsp;<\/p>\n<p>&#8220;Por ejemplo, los datos del informe que registran niveles de f\u00f3sforo ya los recibimos en el primer punto de muestra, y sabemos que puede proceder de la fertilizaci\u00f3n de los campos brasile\u00f1os&#8221;, detall\u00f3.<\/p>\n<p>&nbsp;<\/p>\n<p>La CARU divulg\u00f3 este mi\u00e9rcoles un informe sobre el impacto de los efluentes de la pastera Ori\u00f3n (UPM Ex Botnia). El monitoreo conjunto revel\u00f3 que la planta contamin\u00f3 el R\u00edo Uruguay. La pastera registr\u00f3 &#8220;apartamientos de la normativa&#8221; en 4 puntos de los m\u00e1s de 30 medidos, aunque el Comit\u00e9 Cient\u00edfico de expertos que analiz\u00f3 la informaci\u00f3n no cont\u00f3 con un dato necesario para completar el examen: la cantidad de celulosa que produjo la ex-Botnia durante el lapso en el que se tomaron las muestras.<\/p>\n<p>&nbsp;<\/p>\n<p>Vaz\u00f3n dijo que &#8220;es la fotograf\u00eda de los \u00faltimos cinco a\u00f1os del r\u00edo Uruguay, el hecho m\u00e1s trascendente es haber logrado que los cient\u00edficos validaran y cargaran los datos para tener esta informaci\u00f3n disponible&#8221;.<\/p>\n<p>&nbsp;<\/p>\n<p>&#8220;En el fallo de La Haya existe un mandato concreto de medir el tramo principal del r\u00edo en tres puntos de muestra, acordados entre Argentina y Uruguay. La informaci\u00f3n estaba disponible sin procesar, por lo que la publicaci\u00f3n de los datos cient\u00edficos era una asignatura pendiente&#8221;, concluy\u00f3.<\/p>\n","protected":false},"excerpt":{"rendered":"<p>El asamble\u00edsta ambiental de la ciudad entrerriana de Gualeguaych\u00fa, Jos\u00e9 Pouler, sostuvo que la pastera ex-Botnia &#8220;deber\u00eda cerrarse&#8221; tras conocerse el informe que confirma que contamin\u00f3 el r\u00edo Uruguay &nbsp; &nbsp; &nbsp; &nbsp; &nbsp; &#8220;Espero que Tabar\u00e9 V\u00e1zquez cumpla su promesa. El presidente uruguayo dijo que si la pastera contaminaba la cerraba, as\u00ed que por l\u00f3gica deber\u00eda cerrarla&#8221;, explic\u00f3 en declaraciones a Radio 10. &nbsp; Pidi\u00f3 adem\u00e1s nuevas mediciones para recabar datos. &#8220;A veces hay cosas que se pueden hacer pero debe hacerlas el gobierno, ni los privados ni los&#8230;<\/p>\n","protected":false},"author":3,"featured_media":3913,"comment_status":"closed","ping_status":"closed","sticky":false,"template":"","format":"standard","meta":[],"categories":[4],"tags":[],"_links":{"self":[{"href":"https:\/\/www.actualidadadiario.com\/index.php\/wp-json\/wp\/v2\/posts\/3912"}],"collection":[{"href":"https:\/\/www.actualidadadiario.com\/index.php\/wp-json\/wp\/v2\/posts"}],"about":[{"href":"https:\/\/www.actualidadadiario.com\/index.php\/wp-json\/wp\/v2\/types\/post"}],"author":[{"embeddable":true,"href":"https:\/\/www.actualidadadiario.com\/index.php\/wp-json\/wp\/v2\/users\/3"}],"replies":[{"embeddable":true,"href":"https:\/\/www.actualidadadiario.com\/index.php\/wp-json\/wp\/v2\/comments?post=3912"}],"version-history":[{"count":1,"href":"https:\/\/www.actualidadadiario.com\/index.php\/wp-json\/wp\/v2\/posts\/3912\/revisions"}],"predecessor-version":[{"id":3914,"href":"https:\/\/www.actualidadadiario.com\/index.php\/wp-json\/wp\/v2\/posts\/3912\/revisions\/3914"}],"wp:featuredmedia":[{"embeddable":true,"href":"https:\/\/www.actualidadadiario.com\/index.php\/wp-json\/wp\/v2\/media\/3913"}],"wp:attachment":[{"href":"https:\/\/www.actualidadadiario.com\/index.php\/wp-json\/wp\/v2\/media?parent=3912"}],"wp:term":[{"taxonomy":"category","embeddable":true,"href":"https:\/\/www.actualidadadiario.com\/index.php\/wp-json\/wp\/v2\/categories?post=3912"},{"taxonomy":"post_tag","embeddable":true,"href":"https:\/\/www.actualidadadiario.com\/index.php\/wp-json\/wp\/v2\/tags?post=3912"}],"curies":[{"name":"wp","href":"https:\/\/api.w.org\/{rel}","templated":true}]}}