{"id":3900,"date":"2016-11-04T09:19:49","date_gmt":"2016-11-04T12:19:49","guid":{"rendered":"http:\/\/actualidadadiario.com\/site\/?p=3900"},"modified":"2016-11-04T09:19:49","modified_gmt":"2016-11-04T12:19:49","slug":"servini-advirtio-problemas-en-la-implementacion-del-voto-electronico","status":"publish","type":"post","link":"https:\/\/www.actualidadadiario.com\/index.php\/2016\/11\/04\/servini-advirtio-problemas-en-la-implementacion-del-voto-electronico\/","title":{"rendered":"Servini advirti\u00f3 problemas en la implementaci\u00f3n del voto electr\u00f3nico"},"content":{"rendered":"<p><em><strong>La jueza Mar\u00eda Servini baj\u00f3 al oficialismo a la realidad al recordar que, por ejemplo en la provincia de Buenos Aires, &#8220;hay escuelas sin luz y que se inundan&#8221;<\/strong><\/em><\/p>\n<p>&nbsp;<\/p>\n<p>&nbsp;<\/p>\n<p>&nbsp;<\/p>\n<p>&nbsp;<\/p>\n<p>Si bien no se mostr\u00f3 contraria al voto electr\u00f3nico, la jueza federal con competencia electoral, Mar\u00eda Servini, se\u00f1al\u00f3 los inconvenientes que puede tener la implementaci\u00f3n inmediata del voto electr\u00f3nico.<\/p>\n<p>&nbsp;<\/p>\n<p>En ese sentido, consider\u00f3 que deber\u00eda aplicarse &#8220;en forma gradual&#8221; y que para que se use en las elecciones del a\u00f1o que viene, &#8220;tiene que salir r\u00e1pido&#8221;.<\/p>\n<p>&nbsp;<\/p>\n<p>&#8220;No estoy en contra, porque a m\u00ed me imprimen una boleta y la dejan en una urna. Lo realmente v\u00e1lido es lo que est\u00e1 adentro de la urna. Al tener un respaldo en una urna donde se pueden contar los votos, estamos asegurados&#8221;, indic\u00f3.<\/p>\n<p>&nbsp;<\/p>\n<p>Y puntualiz\u00f3 que, en la provincia de Buenos Aires, &#8220;hay escuelas que no tienen luz, que tienen que cruzar el barro, que se inundan&#8221;.<\/p>\n<p>&nbsp;<\/p>\n<p>Por otro lado, se refiri\u00f3 a lo que implica &#8220;educar a toda la poblaci\u00f3n de golpe&#8221; para utilizar el nuevo sistema. Por lo que consider\u00f3 que &#8220;hay que aplicar (la boleta electr\u00f3nica) en forma gradual&#8221; y que &#8220;si la quieren aplicar en las elecciones del a\u00f1o que viene, tiene que salir r\u00e1pido&#8221; la ley del Congreso.<\/p>\n","protected":false},"excerpt":{"rendered":"<p>La jueza Mar\u00eda Servini baj\u00f3 al oficialismo a la realidad al recordar que, por ejemplo en la provincia de Buenos Aires, &#8220;hay escuelas sin luz y que se inundan&#8221; &nbsp; &nbsp; &nbsp; &nbsp; Si bien no se mostr\u00f3 contraria al voto electr\u00f3nico, la jueza federal con competencia electoral, Mar\u00eda Servini, se\u00f1al\u00f3 los inconvenientes que puede tener la implementaci\u00f3n inmediata del voto electr\u00f3nico. &nbsp; En ese sentido, consider\u00f3 que deber\u00eda aplicarse &#8220;en forma gradual&#8221; y que para que se use en las elecciones del a\u00f1o que viene, &#8220;tiene que salir r\u00e1pido&#8221;&#8230;.<\/p>\n","protected":false},"author":3,"featured_media":3901,"comment_status":"closed","ping_status":"closed","sticky":false,"template":"","format":"standard","meta":[],"categories":[18],"tags":[],"_links":{"self":[{"href":"https:\/\/www.actualidadadiario.com\/index.php\/wp-json\/wp\/v2\/posts\/3900"}],"collection":[{"href":"https:\/\/www.actualidadadiario.com\/index.php\/wp-json\/wp\/v2\/posts"}],"about":[{"href":"https:\/\/www.actualidadadiario.com\/index.php\/wp-json\/wp\/v2\/types\/post"}],"author":[{"embeddable":true,"href":"https:\/\/www.actualidadadiario.com\/index.php\/wp-json\/wp\/v2\/users\/3"}],"replies":[{"embeddable":true,"href":"https:\/\/www.actualidadadiario.com\/index.php\/wp-json\/wp\/v2\/comments?post=3900"}],"version-history":[{"count":1,"href":"https:\/\/www.actualidadadiario.com\/index.php\/wp-json\/wp\/v2\/posts\/3900\/revisions"}],"predecessor-version":[{"id":3902,"href":"https:\/\/www.actualidadadiario.com\/index.php\/wp-json\/wp\/v2\/posts\/3900\/revisions\/3902"}],"wp:featuredmedia":[{"embeddable":true,"href":"https:\/\/www.actualidadadiario.com\/index.php\/wp-json\/wp\/v2\/media\/3901"}],"wp:attachment":[{"href":"https:\/\/www.actualidadadiario.com\/index.php\/wp-json\/wp\/v2\/media?parent=3900"}],"wp:term":[{"taxonomy":"category","embeddable":true,"href":"https:\/\/www.actualidadadiario.com\/index.php\/wp-json\/wp\/v2\/categories?post=3900"},{"taxonomy":"post_tag","embeddable":true,"href":"https:\/\/www.actualidadadiario.com\/index.php\/wp-json\/wp\/v2\/tags?post=3900"}],"curies":[{"name":"wp","href":"https:\/\/api.w.org\/{rel}","templated":true}]}}