{"id":3893,"date":"2016-11-03T10:21:51","date_gmt":"2016-11-03T13:21:51","guid":{"rendered":"http:\/\/actualidadadiario.com\/site\/?p=3893"},"modified":"2016-11-03T10:21:51","modified_gmt":"2016-11-03T13:21:51","slug":"caida-de-empleos-patagonia-y-cuyo-las-mas-afectadas","status":"publish","type":"post","link":"https:\/\/www.actualidadadiario.com\/index.php\/2016\/11\/03\/caida-de-empleos-patagonia-y-cuyo-las-mas-afectadas\/","title":{"rendered":"Ca\u00edda de empleos: Patagonia y Cuyo, las m\u00e1s afectadas"},"content":{"rendered":"<p><em><strong>Pese a que s\u00f3lo aporta un 6,6% del empleo activo, 1 de cada 5 despedidos en el pa\u00eds entre agosto de 2015 e igual mes de este a\u00f1o provino del Sur. Alerta tambi\u00e9n en tierra cuyana, con una retracci\u00f3n de puestos en blanco del 3,7%<\/strong><\/em><\/p>\n<p>&nbsp;<\/p>\n<p>&nbsp;<\/p>\n<p>&nbsp;<\/p>\n<p>Las provincias de la Patagonia, en primer lugar, y las de Cuyo, en el siguiente, fueron las m\u00e1s afectadas por la p\u00e9rdida del empleo registrado en el \u00faltimo a\u00f1o.<\/p>\n<p>&nbsp;<\/p>\n<p>El dato se desprende de un informe de la consultora E&amp;M Patagonia que se\u00f1ala que, pese a la baja densidad poblacional y a que las provincias sure\u00f1as aportan apenas un 6,6% del empleo activo, uno de cada cinco despedidos en el pa\u00eds entre agosto de 2015 y el \u00faltimo agosto se hizo efectivo en la Patagonia. Sobre una contracci\u00f3n superior a 97 mil trabajadores formales en todo el pa\u00eds, la suma de bajas en Tierra del Fuego, Santa Cruz, Chubut, R\u00edo Negro y Neuqu\u00e9n es de 19.165 empleos.<\/p>\n<p>&nbsp;<\/p>\n<p>As\u00ed, la Patagonia encabeza el listado en cuanto al impacto porcentual en la ca\u00edda del empleo, con un descenso del 4,7% sobre sus 407 mil trabajadores. Esta cifra representa el triple de la media nacional, que registra un 1,6% de ca\u00edda total en el mismo per\u00edodo.<\/p>\n<p>&nbsp;<\/p>\n<p>La situaci\u00f3n en Cuyo es apenas menos desfavorable: la retracci\u00f3n del trabajo en blanco fue del 3,7%, m\u00e1s del doble del guarismo nacional. Adem\u00e1s, incluye a la provincia que tuvo el descenso m\u00e1s abrupto: San Luis, con el 9,6% de ca\u00edda.<\/p>\n<p>&nbsp;<\/p>\n<p>Las regiones del Nordeste y el Noroeste tambi\u00e9n presentan, proporcionalmente, retrocesos m\u00e1s agudos que los nacionales. S\u00f3lo la regi\u00f3n Centro muestra mejores indicadores, con una baja del 0,9%, si bien carga con el mayor volumen nominal de p\u00e9rdidas de puestos laborales.<\/p>\n<p>&nbsp;<\/p>\n<p>Las \u00fanicas provincias que escapan al contexto y sumaron empleos formales respecto de agosto del a\u00f1o pasado son C\u00f3rdoba (+738), La Pampa (+772) y Tucum\u00e1n (+3.394).<\/p>\n<p>&nbsp;<\/p>\n<p>Julio Ib\u00e1\u00f1ez, director de la consultora E&amp;M Patagonia, dijo a este medio: &#8220;Si se considera que la Patagonia aporta tan s\u00f3lo el 6,6% en la cantidad de trabajadores privados activos, la situaci\u00f3n es alarmante&#8221;. Adem\u00e1s, agreg\u00f3 que esta situaci\u00f3n se debe a que las actividades econ\u00f3micas m\u00e1s castigadas en el \u00faltimo a\u00f1o repercuten directamente en el nivel de empleo de la zona austral del pa\u00eds. Entre los ejemplos, aparece la pesca, la extracci\u00f3n de hidrocarburos (que arrastra en su cadena de valor a rubros como la construcci\u00f3n) y la industria.<\/p>\n<p>&nbsp;<\/p>\n<p>As\u00ed, la provincia que m\u00e1s empleo registrado perdi\u00f3 en la zona fue Santa Cruz, con 5.737 bajas, un preocupante 9% del plantel de sus trabajadores en blanco. Le siguen Chubut con 3.878 (-3,84%), R\u00edo Negro con 3.734 (-3,49%) y Neuqu\u00e9n con 2.638 (-2,32).<\/p>\n<p>&nbsp;<\/p>\n<p>Tierra del Fuego es un caso aparte. La preocupaci\u00f3n en la provincia tiene que ver no s\u00f3lo con la baja del 7,80% (3.187 puestos menos), sino con que la sangr\u00eda no parece detenerse. La luz de alerta pas\u00f3 de rojo a rojo furioso por las recientes declaraciones del ministro de Comunicaciones, Oscar Aguad, quien dej\u00f3 entrever que es factible una reducci\u00f3n parcial o completa del arancel para la importaci\u00f3n de productos electr\u00f3nicos, como televisores y celulares.<\/p>\n<p>&nbsp;<\/p>\n<p>Esta medida podr\u00eda dar una nueva estocada a las empresas radicadas en Tierra del Fuego al amparo de la Ley 19.640.<\/p>\n","protected":false},"excerpt":{"rendered":"<p>Pese a que s\u00f3lo aporta un 6,6% del empleo activo, 1 de cada 5 despedidos en el pa\u00eds entre agosto de 2015 e igual mes de este a\u00f1o provino del Sur. Alerta tambi\u00e9n en tierra cuyana, con una retracci\u00f3n de puestos en blanco del 3,7% &nbsp; &nbsp; &nbsp; Las provincias de la Patagonia, en primer lugar, y las de Cuyo, en el siguiente, fueron las m\u00e1s afectadas por la p\u00e9rdida del empleo registrado en el \u00faltimo a\u00f1o. &nbsp; El dato se desprende de un informe de la consultora E&amp;M Patagonia&#8230;<\/p>\n","protected":false},"author":3,"featured_media":3894,"comment_status":"closed","ping_status":"closed","sticky":false,"template":"","format":"standard","meta":[],"categories":[2],"tags":[],"_links":{"self":[{"href":"https:\/\/www.actualidadadiario.com\/index.php\/wp-json\/wp\/v2\/posts\/3893"}],"collection":[{"href":"https:\/\/www.actualidadadiario.com\/index.php\/wp-json\/wp\/v2\/posts"}],"about":[{"href":"https:\/\/www.actualidadadiario.com\/index.php\/wp-json\/wp\/v2\/types\/post"}],"author":[{"embeddable":true,"href":"https:\/\/www.actualidadadiario.com\/index.php\/wp-json\/wp\/v2\/users\/3"}],"replies":[{"embeddable":true,"href":"https:\/\/www.actualidadadiario.com\/index.php\/wp-json\/wp\/v2\/comments?post=3893"}],"version-history":[{"count":1,"href":"https:\/\/www.actualidadadiario.com\/index.php\/wp-json\/wp\/v2\/posts\/3893\/revisions"}],"predecessor-version":[{"id":3895,"href":"https:\/\/www.actualidadadiario.com\/index.php\/wp-json\/wp\/v2\/posts\/3893\/revisions\/3895"}],"wp:featuredmedia":[{"embeddable":true,"href":"https:\/\/www.actualidadadiario.com\/index.php\/wp-json\/wp\/v2\/media\/3894"}],"wp:attachment":[{"href":"https:\/\/www.actualidadadiario.com\/index.php\/wp-json\/wp\/v2\/media?parent=3893"}],"wp:term":[{"taxonomy":"category","embeddable":true,"href":"https:\/\/www.actualidadadiario.com\/index.php\/wp-json\/wp\/v2\/categories?post=3893"},{"taxonomy":"post_tag","embeddable":true,"href":"https:\/\/www.actualidadadiario.com\/index.php\/wp-json\/wp\/v2\/tags?post=3893"}],"curies":[{"name":"wp","href":"https:\/\/api.w.org\/{rel}","templated":true}]}}