{"id":3884,"date":"2016-11-03T10:12:04","date_gmt":"2016-11-03T13:12:04","guid":{"rendered":"http:\/\/actualidadadiario.com\/site\/?p=3884"},"modified":"2016-11-03T10:12:04","modified_gmt":"2016-11-03T13:12:04","slug":"megacausa-area-parana-elevaron-las-penas-a-represores","status":"publish","type":"post","link":"https:\/\/www.actualidadadiario.com\/index.php\/2016\/11\/03\/megacausa-area-parana-elevaron-las-penas-a-represores\/","title":{"rendered":"Megacausa \u00c1rea Paran\u00e1: elevaron las penas a represores"},"content":{"rendered":"<p><em><strong>La C\u00e1mara Federal de Apelaciones de Paran\u00e1 elev\u00f3 las penas a siete represores condenados, en primera instancia, por el juez Leandro R\u00edos. El adelanto de sentencia satisfizo a querellantes, familiares de v\u00edctimas y organismos de DDHH<\/strong><\/em><\/p>\n<p>&nbsp;<\/p>\n<p>&nbsp;<\/p>\n<p>&nbsp;<\/p>\n<p>La C\u00e1mara Federal de Apelaciones de Paran\u00e1, integrada por los jueces subrogantes doctores Noem\u00ed Berros, Lilia Carnero y Roberto L\u00f3pez Arango, confirm\u00f3 las condenas a los represores en el marco de la megacausa \u00c1rea Paran\u00e1 y elev\u00f3 las penas impuestas, en primera instancia, por el juez federal doctor Leandro R\u00edos.<\/p>\n<p>&nbsp;<\/p>\n<p>El tribunal rechaz\u00f3 los recursos de apelaci\u00f3n interpuestos por las defensas de siete represores condenados el 23 de diciembre de 2015 por delitos de lesa humanidad, ocurridos durante la \u00faltima dictadura c\u00edvico miliar y ampli\u00f3 sus condenas, haciendo lugar parcialmente a los planteos de las querellas y la Fiscal\u00eda.<\/p>\n<p>&nbsp;<\/p>\n<p>El adelanto de sentencia satisfizo a los querellantes, a los familiares de las v\u00edctimas y a los organismos de DDHH que aguardaron este mediod\u00eda frente a la C\u00e1mara Federal de Apelaciones de Paran\u00e1, ubicada en calle 25 de Mayo, con una radio abierta.<\/p>\n<p>&nbsp;<\/p>\n<p>En el adelanto de sentencia de apelaci\u00f3n que se ley\u00f3 este mi\u00e9rcoles, se estableci\u00f3 que Cosme Demonte deber\u00e1 cumplir la condena de prisi\u00f3n perpetua, Jorge Humberto Appiani 20 a\u00f1os de prisi\u00f3n, Jos\u00e9 Anselmo Appelhans y Alberto Rivas 16 a\u00f1os; Hugo Moyano 10; Rosa Bidinost 8 y Oscar Ram\u00f3n Obaid 6 a\u00f1os.<\/p>\n<p>&nbsp;<\/p>\n<p>El Tribunal rechaz\u00f3 los recursos de apelaci\u00f3n y nulidad hacia la sentencia de primera instancia dictada 23 de diciembre de 2015, por el juez Leandro R\u00edos, por las defensas. Tambi\u00e9n se rechazaron los planteos de inconstitucionalidad de la pena de prisi\u00f3n perpetua alegado por la defensa de Demonte.<\/p>\n<p>&nbsp;<\/p>\n<p>En tanto, seg\u00fan Uno, se declar\u00f3 que &#8220;los delitos de derecho interno objeto de estas condenas configuran tambi\u00e9n delitos de lesa humanidad ocurridos en el contexto hist\u00f3rico del terrorismo de Estado que asol\u00f3 nuestro pa\u00eds, en el marco del segundo genocidio nacional&#8221;.<\/p>\n<p>&nbsp;<\/p>\n<p>La elevaci\u00f3n de las penas estuvo motivada por el cambio de la calidad de autor\u00eda de los represores, que pasaron de part\u00edcipes necesarios o secundarios a coautores. Tambi\u00e9n, porque los jueces revocaron las absoluciones parciales que hab\u00edan sido dispuestas para los condenados Rivas, Moyano, Obaid y Appiani.<\/p>\n","protected":false},"excerpt":{"rendered":"<p>La C\u00e1mara Federal de Apelaciones de Paran\u00e1 elev\u00f3 las penas a siete represores condenados, en primera instancia, por el juez Leandro R\u00edos. El adelanto de sentencia satisfizo a querellantes, familiares de v\u00edctimas y organismos de DDHH &nbsp; &nbsp; &nbsp; La C\u00e1mara Federal de Apelaciones de Paran\u00e1, integrada por los jueces subrogantes doctores Noem\u00ed Berros, Lilia Carnero y Roberto L\u00f3pez Arango, confirm\u00f3 las condenas a los represores en el marco de la megacausa \u00c1rea Paran\u00e1 y elev\u00f3 las penas impuestas, en primera instancia, por el juez federal doctor Leandro R\u00edos. &nbsp;&#8230;<\/p>\n","protected":false},"author":3,"featured_media":3885,"comment_status":"closed","ping_status":"closed","sticky":false,"template":"","format":"standard","meta":[],"categories":[4],"tags":[],"_links":{"self":[{"href":"https:\/\/www.actualidadadiario.com\/index.php\/wp-json\/wp\/v2\/posts\/3884"}],"collection":[{"href":"https:\/\/www.actualidadadiario.com\/index.php\/wp-json\/wp\/v2\/posts"}],"about":[{"href":"https:\/\/www.actualidadadiario.com\/index.php\/wp-json\/wp\/v2\/types\/post"}],"author":[{"embeddable":true,"href":"https:\/\/www.actualidadadiario.com\/index.php\/wp-json\/wp\/v2\/users\/3"}],"replies":[{"embeddable":true,"href":"https:\/\/www.actualidadadiario.com\/index.php\/wp-json\/wp\/v2\/comments?post=3884"}],"version-history":[{"count":1,"href":"https:\/\/www.actualidadadiario.com\/index.php\/wp-json\/wp\/v2\/posts\/3884\/revisions"}],"predecessor-version":[{"id":3886,"href":"https:\/\/www.actualidadadiario.com\/index.php\/wp-json\/wp\/v2\/posts\/3884\/revisions\/3886"}],"wp:featuredmedia":[{"embeddable":true,"href":"https:\/\/www.actualidadadiario.com\/index.php\/wp-json\/wp\/v2\/media\/3885"}],"wp:attachment":[{"href":"https:\/\/www.actualidadadiario.com\/index.php\/wp-json\/wp\/v2\/media?parent=3884"}],"wp:term":[{"taxonomy":"category","embeddable":true,"href":"https:\/\/www.actualidadadiario.com\/index.php\/wp-json\/wp\/v2\/categories?post=3884"},{"taxonomy":"post_tag","embeddable":true,"href":"https:\/\/www.actualidadadiario.com\/index.php\/wp-json\/wp\/v2\/tags?post=3884"}],"curies":[{"name":"wp","href":"https:\/\/api.w.org\/{rel}","templated":true}]}}