{"id":3881,"date":"2016-11-03T10:11:14","date_gmt":"2016-11-03T13:11:14","guid":{"rendered":"http:\/\/actualidadadiario.com\/site\/?p=3881"},"modified":"2016-11-03T10:11:14","modified_gmt":"2016-11-03T13:11:14","slug":"ate-adhiere-a-la-jornada-nacional-de-lucha-y-participara-de-la-movilizacion","status":"publish","type":"post","link":"https:\/\/www.actualidadadiario.com\/index.php\/2016\/11\/03\/ate-adhiere-a-la-jornada-nacional-de-lucha-y-participara-de-la-movilizacion\/","title":{"rendered":"ATE adhiere a la Jornada Nacional de Lucha y participar\u00e1 de la movilizaci\u00f3n"},"content":{"rendered":"<p><em><strong>Confirmaron que adhieren a la jornada convocada por CTA para el 4 de noviembre, y confirmaron que participar\u00e1n de la movilizaci\u00f3n prevista a plaza de Mayo<\/strong><\/em><\/p>\n<p>&nbsp;<\/p>\n<p>&nbsp;<\/p>\n<p>&nbsp;<\/p>\n<p>ATE Verde y Blanca de Entre R\u00edos, con sus respectivas Seccionales, fij\u00f3 su posici\u00f3n con respeto a la convocatoria de la Comisi\u00f3n Interventora Provincial de A.T.E, para la reuni\u00f3n prevista para este mi\u00e9rcoles.<\/p>\n<p>&nbsp;<\/p>\n<p>En ese sentido, decidieron no participar porque el temario no inclu\u00eda la adhesi\u00f3n a la Jornada Nacional de protesta del 4 de noviembre, convocada por las dos C.T.A.<\/p>\n<p>&nbsp;<\/p>\n<p>No obstante, confirmaron que adhieren a la jornada y aseguran que participar\u00e1n de la movilizaci\u00f3n a plaza de Mayo, junto a la C.T.A de los Trabajadores de Entre R\u00edos.<\/p>\n","protected":false},"excerpt":{"rendered":"<p>Confirmaron que adhieren a la jornada convocada por CTA para el 4 de noviembre, y confirmaron que participar\u00e1n de la movilizaci\u00f3n prevista a plaza de Mayo &nbsp; &nbsp; &nbsp; ATE Verde y Blanca de Entre R\u00edos, con sus respectivas Seccionales, fij\u00f3 su posici\u00f3n con respeto a la convocatoria de la Comisi\u00f3n Interventora Provincial de A.T.E, para la reuni\u00f3n prevista para este mi\u00e9rcoles. &nbsp; En ese sentido, decidieron no participar porque el temario no inclu\u00eda la adhesi\u00f3n a la Jornada Nacional de protesta del 4 de noviembre, convocada por las dos&#8230;<\/p>\n","protected":false},"author":3,"featured_media":3882,"comment_status":"closed","ping_status":"closed","sticky":false,"template":"","format":"standard","meta":[],"categories":[15],"tags":[],"_links":{"self":[{"href":"https:\/\/www.actualidadadiario.com\/index.php\/wp-json\/wp\/v2\/posts\/3881"}],"collection":[{"href":"https:\/\/www.actualidadadiario.com\/index.php\/wp-json\/wp\/v2\/posts"}],"about":[{"href":"https:\/\/www.actualidadadiario.com\/index.php\/wp-json\/wp\/v2\/types\/post"}],"author":[{"embeddable":true,"href":"https:\/\/www.actualidadadiario.com\/index.php\/wp-json\/wp\/v2\/users\/3"}],"replies":[{"embeddable":true,"href":"https:\/\/www.actualidadadiario.com\/index.php\/wp-json\/wp\/v2\/comments?post=3881"}],"version-history":[{"count":1,"href":"https:\/\/www.actualidadadiario.com\/index.php\/wp-json\/wp\/v2\/posts\/3881\/revisions"}],"predecessor-version":[{"id":3883,"href":"https:\/\/www.actualidadadiario.com\/index.php\/wp-json\/wp\/v2\/posts\/3881\/revisions\/3883"}],"wp:featuredmedia":[{"embeddable":true,"href":"https:\/\/www.actualidadadiario.com\/index.php\/wp-json\/wp\/v2\/media\/3882"}],"wp:attachment":[{"href":"https:\/\/www.actualidadadiario.com\/index.php\/wp-json\/wp\/v2\/media?parent=3881"}],"wp:term":[{"taxonomy":"category","embeddable":true,"href":"https:\/\/www.actualidadadiario.com\/index.php\/wp-json\/wp\/v2\/categories?post=3881"},{"taxonomy":"post_tag","embeddable":true,"href":"https:\/\/www.actualidadadiario.com\/index.php\/wp-json\/wp\/v2\/tags?post=3881"}],"curies":[{"name":"wp","href":"https:\/\/api.w.org\/{rel}","templated":true}]}}