{"id":3878,"date":"2016-11-03T10:10:28","date_gmt":"2016-11-03T13:10:28","guid":{"rendered":"http:\/\/actualidadadiario.com\/site\/?p=3878"},"modified":"2016-11-03T10:10:28","modified_gmt":"2016-11-03T13:10:28","slug":"trabajo-identifico-al-contratista-y-la-empresa-acusadas-de-hacinamiento-laboral","status":"publish","type":"post","link":"https:\/\/www.actualidadadiario.com\/index.php\/2016\/11\/03\/trabajo-identifico-al-contratista-y-la-empresa-acusadas-de-hacinamiento-laboral\/","title":{"rendered":"Trabajo identific\u00f3 al contratista y la empresa acusadas de hacinamiento laboral"},"content":{"rendered":"<p><em><strong>El titular de la Delegaci\u00f3n Concordia detall\u00f3 las imputaciones y dijo que se est\u00e1 ante \u201cuna irresponsabilidad de los contratistas y de la empresa\u201d, dado que ambos \u201cusan a personas como objetos\u201d<\/strong><\/em><\/p>\n<p>&nbsp;<\/p>\n<p>&nbsp;<\/p>\n<p>&nbsp;<\/p>\n<p>Emiliano Delgado, titular de la delegaci\u00f3n local de la repartici\u00f3n provincial, inform\u00f3 sobre el acto que \u201cse labr\u00f3 en el operativo en conjunto con las fuerzas de seguridad y con la Municipalidad de Concordia\u201d.<\/p>\n<p>&nbsp;<\/p>\n<p>Detall\u00f3 adem\u00e1s que, \u201cpudimos detectar entre 300 y 350 trabajadores que provendr\u00edan de provincias del noroeste del pa\u00eds, como por ejemplo Jujuy, La Rioja y Santiago del Estero\u201d. Agregando que \u201cmuchos no ten\u00edan sus documentos de identidad, as\u00ed que sus datos son los que ellos nos manifestaron de forma verbal\u201d.<\/p>\n<p>&nbsp;<\/p>\n<p>&nbsp;<\/p>\n<p>&nbsp;<\/p>\n<p><strong>Responsables<\/strong><\/p>\n<p>Ya en tren de identificar a los responsables de tal irregular situaci\u00f3n, el funcionario puntualiz\u00f3 que \u201clo que ellos nos dijeron es que hab\u00edan sido contactados por un tal Hugo Andrini y que hab\u00edan ido a trabajar al campo de la firma Extra Berries\u201d, en el kil\u00f3metro 5.5 de la ruta provincial 22.<\/p>\n<p>&nbsp;<\/p>\n<p>Delgado confirm\u00f3 que el contratista en cuesti\u00f3n tuvo multas anteriores, relacionadas a infracciones similares.<\/p>\n<p>&nbsp;<\/p>\n<p>Consultado acerca de c\u00f3mo sigue el procedimiento, el titular de la repartici\u00f3n adelant\u00f3 que \u201cm\u00e1s all\u00e1 de las multas y cuestiones administrativas del caso, se van a hacer de oficio las actuaciones laborales contra la firma que han mencionado estas personas\u201d.<\/p>\n<p>&nbsp;<\/p>\n<p>&nbsp;<\/p>\n<p>&nbsp;<\/p>\n<p><strong>Retroceder<\/strong><\/p>\n<p>El hallazgo hace retroceder a las primeras \u00e9pocas de la producci\u00f3n arandanera en la regi\u00f3n, cuando se repet\u00edan situaciones vergonzosas de este tipo y que &#8220;se cre\u00edan haber superado&#8221; tras los acuerdos y trabajo en conjunto con la Asociaci\u00f3n de Productores de Ar\u00e1ndanos de la Mesopotamia Argentina (APAMA).<\/p>\n<p>&nbsp;<\/p>\n<p>Delgado asumi\u00f3 a principio de a\u00f1o al frente de la delegaci\u00f3n local de la cartera de Trabajo y reconoci\u00f3 que &#8220;hablando con gente de m\u00e1s experiencia, me contaron que hace tiempo que no se pasaba por estas situaciones\u201d, como las descubiertas este martes.<\/p>\n<p>&nbsp;<\/p>\n<p>\u201cNos hab\u00edamos puesto de acuerdo con APAMA en que este a\u00f1o se den todas las condiciones para que no pasen esas cosas&#8221;, pero por personas inescrupulosas &#8220;en menos de una semana tenemos dos casos de hacinamiento de trabajadores\u201d, remat\u00f3.<\/p>\n","protected":false},"excerpt":{"rendered":"<p>El titular de la Delegaci\u00f3n Concordia detall\u00f3 las imputaciones y dijo que se est\u00e1 ante \u201cuna irresponsabilidad de los contratistas y de la empresa\u201d, dado que ambos \u201cusan a personas como objetos\u201d &nbsp; &nbsp; &nbsp; Emiliano Delgado, titular de la delegaci\u00f3n local de la repartici\u00f3n provincial, inform\u00f3 sobre el acto que \u201cse labr\u00f3 en el operativo en conjunto con las fuerzas de seguridad y con la Municipalidad de Concordia\u201d. &nbsp; Detall\u00f3 adem\u00e1s que, \u201cpudimos detectar entre 300 y 350 trabajadores que provendr\u00edan de provincias del noroeste del pa\u00eds, como por&#8230;<\/p>\n","protected":false},"author":3,"featured_media":3879,"comment_status":"closed","ping_status":"closed","sticky":false,"template":"","format":"standard","meta":[],"categories":[15],"tags":[],"_links":{"self":[{"href":"https:\/\/www.actualidadadiario.com\/index.php\/wp-json\/wp\/v2\/posts\/3878"}],"collection":[{"href":"https:\/\/www.actualidadadiario.com\/index.php\/wp-json\/wp\/v2\/posts"}],"about":[{"href":"https:\/\/www.actualidadadiario.com\/index.php\/wp-json\/wp\/v2\/types\/post"}],"author":[{"embeddable":true,"href":"https:\/\/www.actualidadadiario.com\/index.php\/wp-json\/wp\/v2\/users\/3"}],"replies":[{"embeddable":true,"href":"https:\/\/www.actualidadadiario.com\/index.php\/wp-json\/wp\/v2\/comments?post=3878"}],"version-history":[{"count":1,"href":"https:\/\/www.actualidadadiario.com\/index.php\/wp-json\/wp\/v2\/posts\/3878\/revisions"}],"predecessor-version":[{"id":3880,"href":"https:\/\/www.actualidadadiario.com\/index.php\/wp-json\/wp\/v2\/posts\/3878\/revisions\/3880"}],"wp:featuredmedia":[{"embeddable":true,"href":"https:\/\/www.actualidadadiario.com\/index.php\/wp-json\/wp\/v2\/media\/3879"}],"wp:attachment":[{"href":"https:\/\/www.actualidadadiario.com\/index.php\/wp-json\/wp\/v2\/media?parent=3878"}],"wp:term":[{"taxonomy":"category","embeddable":true,"href":"https:\/\/www.actualidadadiario.com\/index.php\/wp-json\/wp\/v2\/categories?post=3878"},{"taxonomy":"post_tag","embeddable":true,"href":"https:\/\/www.actualidadadiario.com\/index.php\/wp-json\/wp\/v2\/tags?post=3878"}],"curies":[{"name":"wp","href":"https:\/\/api.w.org\/{rel}","templated":true}]}}