{"id":3875,"date":"2016-11-03T10:09:41","date_gmt":"2016-11-03T13:09:41","guid":{"rendered":"http:\/\/actualidadadiario.com\/site\/?p=3875"},"modified":"2016-11-03T10:09:41","modified_gmt":"2016-11-03T13:09:41","slug":"nadie-esta-contento-de-que-aumenten-las-tarifas-de-la-electricidad-reconocio-el-titular-del-epre","status":"publish","type":"post","link":"https:\/\/www.actualidadadiario.com\/index.php\/2016\/11\/03\/nadie-esta-contento-de-que-aumenten-las-tarifas-de-la-electricidad-reconocio-el-titular-del-epre\/","title":{"rendered":"\u201cNadie est\u00e1 contento de que aumenten las tarifas de la electricidad&#8221; reconoci\u00f3 el titular del EPRE"},"content":{"rendered":"<p><em><strong>Tras autorizar un incremento escalonado a partir de enero de 2017, el Dr. Carlos Halle explic\u00f3 que se trata de un servicio p\u00fablico, para el cual las cooperativas y las empresas distribuidoras deben hacer obras para brindar un buen servicio<\/strong><\/em><\/p>\n<p>&nbsp;<\/p>\n<p>&nbsp;<\/p>\n<p>Luego que ell Ente Provincial Regulador de la Energ\u00eda \u2013EPRE\u2013 autoriz\u00f3 finalmente el incremento de energ\u00eda solicitado por las empresas distribuidoras, el titular del organismo, Jos\u00e9 Carlos dijo a Diario R\u00edo Uruguay que la decisi\u00f3n se tom\u00f3 luego \u201cque estuvimos 60 d\u00edas trabajando en el cuadro tarifario, estudiando con nuestros ingenieros y especialistas el tema puntual de la petici\u00f3n y llegamos a la conclusi\u00f3n que fue hacer efectiva la solicitud a partir del primero de noviembre\u201d.<\/p>\n<p>&nbsp;<\/p>\n<p>La suba ser\u00e1 del 23% y se implementar\u00e1 de modo escalonada; 15 por ciento a partir de enero y 8 por ciento en marzo del pr\u00f3ximo a\u00f1o.<\/p>\n<p>&nbsp;<\/p>\n<p>En este sentido, el responsable de la entidad, a\u00f1adi\u00f3 que \u201ca ning\u00fan usuario le gusta que le aumente y a ning\u00fan funcionario p\u00fablico nos gusta dar malas noticias como en este caso los aumentos, sin embargo mi responsabilidad tiene que ver con que se preste un buen servicio, ver que la tarifa sirva para realizar emisiones y que el usuario lo pueda pagar\u201d.<\/p>\n<p>&nbsp;<\/p>\n<p>Por este motivo, \u201chemos trabajado con Autoridades de Consumidores de la Provincia, de distintas localidades y municipios, hemos trabajado con Defensor del pueblo en Paran\u00e1, tambi\u00e9n con organizaciones de defensa al consumidor y por cierto, nadie quiere que le aumente pero lo que pidieron es que el aumento sea el a\u00f1o que viene y sea gradual, y as\u00ed ser\u00e1\u201d, explic\u00f3 Halle.<\/p>\n<p>&nbsp;<\/p>\n<p>En cuanto a los servicios y el descontento de los usuarios, el funcionario insisti\u00f3 con que \u201cnadie est\u00e1 contento de que aumentan las tarifas de la electricidad, pero es un servicio p\u00fablico (que las cooperativas y las empresas) tienen que mantener y hacer obras para brindar un buen servicio\u201d, argument\u00f3.<\/p>\n<p>&nbsp;<\/p>\n<p>Por \u00faltimo, el titular del EPRE subray\u00f3 que \u201csi ese servicio puede ser pagado o no, son valoraciones que se tienen que realizar y por eso se trabaja con la tarifa social, con los clubes de barrio y con las peque\u00f1as-medianas empresas y los programas especiales&#8221;. Es decir, &#8220;hay toda una tarea que lleva la cuesti\u00f3n del marco del Ente que se est\u00e1 trabajando y se lo est\u00e1 haciendo bien&#8221;.<\/p>\n<p>&nbsp;<\/p>\n<p>Asegurando que &#8220;si blanquean su situaci\u00f3n, si se logran hacer los an\u00e1lisis y el estatuto est\u00e1 en determinadas condiciones, puede ser que se logre hasta un 70% de descuento&#8221;. Adem\u00e1s, &#8220;en las tarifas sociales nosotros tenemos casi un 30% de nuestro padr\u00f3n en la provincia&#8221;. Lo cual justamente &#8220;tiene que ver con tareas de la defensa de los consumidores y usuarios para mitigar de alguna forma el aumento\u201d, finaliz\u00f3 Halle.<\/p>\n","protected":false},"excerpt":{"rendered":"<p>Tras autorizar un incremento escalonado a partir de enero de 2017, el Dr. Carlos Halle explic\u00f3 que se trata de un servicio p\u00fablico, para el cual las cooperativas y las empresas distribuidoras deben hacer obras para brindar un buen servicio &nbsp; &nbsp; Luego que ell Ente Provincial Regulador de la Energ\u00eda \u2013EPRE\u2013 autoriz\u00f3 finalmente el incremento de energ\u00eda solicitado por las empresas distribuidoras, el titular del organismo, Jos\u00e9 Carlos dijo a Diario R\u00edo Uruguay que la decisi\u00f3n se tom\u00f3 luego \u201cque estuvimos 60 d\u00edas trabajando en el cuadro tarifario, estudiando&#8230;<\/p>\n","protected":false},"author":3,"featured_media":3876,"comment_status":"closed","ping_status":"closed","sticky":false,"template":"","format":"standard","meta":[],"categories":[15],"tags":[],"_links":{"self":[{"href":"https:\/\/www.actualidadadiario.com\/index.php\/wp-json\/wp\/v2\/posts\/3875"}],"collection":[{"href":"https:\/\/www.actualidadadiario.com\/index.php\/wp-json\/wp\/v2\/posts"}],"about":[{"href":"https:\/\/www.actualidadadiario.com\/index.php\/wp-json\/wp\/v2\/types\/post"}],"author":[{"embeddable":true,"href":"https:\/\/www.actualidadadiario.com\/index.php\/wp-json\/wp\/v2\/users\/3"}],"replies":[{"embeddable":true,"href":"https:\/\/www.actualidadadiario.com\/index.php\/wp-json\/wp\/v2\/comments?post=3875"}],"version-history":[{"count":1,"href":"https:\/\/www.actualidadadiario.com\/index.php\/wp-json\/wp\/v2\/posts\/3875\/revisions"}],"predecessor-version":[{"id":3877,"href":"https:\/\/www.actualidadadiario.com\/index.php\/wp-json\/wp\/v2\/posts\/3875\/revisions\/3877"}],"wp:featuredmedia":[{"embeddable":true,"href":"https:\/\/www.actualidadadiario.com\/index.php\/wp-json\/wp\/v2\/media\/3876"}],"wp:attachment":[{"href":"https:\/\/www.actualidadadiario.com\/index.php\/wp-json\/wp\/v2\/media?parent=3875"}],"wp:term":[{"taxonomy":"category","embeddable":true,"href":"https:\/\/www.actualidadadiario.com\/index.php\/wp-json\/wp\/v2\/categories?post=3875"},{"taxonomy":"post_tag","embeddable":true,"href":"https:\/\/www.actualidadadiario.com\/index.php\/wp-json\/wp\/v2\/tags?post=3875"}],"curies":[{"name":"wp","href":"https:\/\/api.w.org\/{rel}","templated":true}]}}