{"id":3872,"date":"2016-11-03T10:08:46","date_gmt":"2016-11-03T13:08:46","guid":{"rendered":"http:\/\/actualidadadiario.com\/site\/?p=3872"},"modified":"2016-11-03T10:08:46","modified_gmt":"2016-11-03T13:08:46","slug":"macri-confirmo-el-puente-entre-parana-y-santa-fe-y-el-aeropuerto-unico","status":"publish","type":"post","link":"https:\/\/www.actualidadadiario.com\/index.php\/2016\/11\/03\/macri-confirmo-el-puente-entre-parana-y-santa-fe-y-el-aeropuerto-unico\/","title":{"rendered":"Macri confirm\u00f3 el puente entre Paran\u00e1 y Santa Fe y el aeropuerto \u00fanico"},"content":{"rendered":"<p><em><strong>El Presidente estuvo en Santa Fe, donde realiz\u00f3 anuncios que involucran a la capital entrerriana. &#8220;Va a ser una obra de ingenier\u00eda impresionante&#8221;, dijo respecto al futuro puente que unir\u00e1 las ciudades<\/strong><\/em><\/p>\n<p>&nbsp;<\/p>\n<p>&nbsp;<\/p>\n<p>&nbsp;<\/p>\n<p>El presidente Mauricio Macri anunci\u00f3 este mi\u00e9rcoles en Santa Fe la construcci\u00f3n de los puentes Santa Fe-Santo Tom\u00e9 y Santa Fe-Paran\u00e1, y consider\u00f3 que este \u00faltimo ser\u00e1 el &#8220;paso previo&#8221; para el emplazamiento de un aeropuerto internacional para &#8220;conectar al mundo a los santafesinos y los entrerrianos&#8221;.<\/p>\n<p>&nbsp;<\/p>\n<p>En una conferencia de prensa realizada en el aeropuerto de Sauce Viejo junto al gobernador Miguel Lifschitz y al intendente de la ciudad capital, Jos\u00e9 Corral, Macri hizo menci\u00f3n al &#8220;puente hist\u00f3rico que estamos esperando hace tanto tiempo entre Paran\u00e1 y Santa Fe, va a ser una obra de ingenier\u00eda impresionante que estamos terminando, despu\u00e9s de a\u00f1os que no se dialogaba hemos dialogado, nos hemos puesto de acuerdo en Santa Fe, qu\u00e9 es lo mejor para la provincia en tema de dise\u00f1o y traza&#8221;.<\/p>\n<p>&nbsp;<\/p>\n<p>A ese proyecto lo valor\u00f3 &#8220;como paso previo para otra cosa que para m\u00ed va a ser espectacular, que es encontrar el mejor sitio para hacer un aeropuerto \u00fanico Paran\u00e1-Santa Fe, va a ser tambi\u00e9n algo espectacular, un aeropuerto internacional de mucho tr\u00e1fico, sumar ambas comunidades, va a permitir conectar desde ese aeropuerto al mundo a los santafesinos y los entrerrianos&#8221;.<\/p>\n<p>En los actos del presidente estuvo presente el intendente de Paran\u00e1, Sergio Varisco. Seg\u00fan se conoci\u00f3, el jefe comunal dialog\u00f3 con el ministro de Transporte, Guillermo Dietrich, y acordaron tratar en una pr\u00f3xima reuni\u00f3n un proyecto para implementar el Metrob\u00fas en la capital entrerriana.<\/p>\n<p>&nbsp;<\/p>\n<p>El Presidente enfatiz\u00f3 que &#8220;en el plan de infraestructura m\u00e1s importante que hemos lanzado, Santa Fe tiene una de las inversiones m\u00e1s importantes: en estos cuatro a\u00f1os estamos apuntando a 48.000 millones de pesos&#8221;.<\/p>\n<p>&nbsp;<\/p>\n<p>Al ser consultado sobre la obra del puente Santa Fe-Santo Tom\u00e9, que se sumar\u00eda al que une a ambas ciudades a trav\u00e9s del r\u00edo Salado, Macri dijo que se lleg\u00f3 a un acuerdo &#8220;para lograr licitarla el a\u00f1o que viene y tratar de adjudicarla sobre el fin del a\u00f1o que viene&#8221;.<\/p>\n<p>&nbsp;<\/p>\n<p>&#8220;Vamos a hacer un esfuerzo compartido la provincia, la Naci\u00f3n y la Ciudad para que realmente tambi\u00e9n esa iniciativa vaya adelante&#8221;, se\u00f1al\u00f3.<\/p>\n<p>Tambi\u00e9n dijo respecto a Rosario que &#8220;ya hay un plan de obras, ya discutido con el gobernador, con la intendenta (M\u00f3nica Fein), que consiste en otro metrobus, obras de h\u00e1bitat, que tambi\u00e9n hay en Santa Fe, proyectos integrales para los barrios m\u00e1s carenciados, que est\u00e1n funcionando muy bien&#8221;.<\/p>\n<p>&nbsp;<\/p>\n<p>El Jefe de Estado calific\u00f3 como &#8220;movida&#8221; a la jornada que comparti\u00f3 con los santafesinos y consider\u00f3 que encontr\u00f3 &#8220;mucho entusiasmo, mucha energ\u00eda positiva para salir adelante&#8221;.<\/p>\n","protected":false},"excerpt":{"rendered":"<p>El Presidente estuvo en Santa Fe, donde realiz\u00f3 anuncios que involucran a la capital entrerriana. &#8220;Va a ser una obra de ingenier\u00eda impresionante&#8221;, dijo respecto al futuro puente que unir\u00e1 las ciudades &nbsp; &nbsp; &nbsp; El presidente Mauricio Macri anunci\u00f3 este mi\u00e9rcoles en Santa Fe la construcci\u00f3n de los puentes Santa Fe-Santo Tom\u00e9 y Santa Fe-Paran\u00e1, y consider\u00f3 que este \u00faltimo ser\u00e1 el &#8220;paso previo&#8221; para el emplazamiento de un aeropuerto internacional para &#8220;conectar al mundo a los santafesinos y los entrerrianos&#8221;. &nbsp; En una conferencia de prensa realizada en&#8230;<\/p>\n","protected":false},"author":3,"featured_media":3873,"comment_status":"closed","ping_status":"closed","sticky":false,"template":"","format":"standard","meta":[],"categories":[9],"tags":[],"_links":{"self":[{"href":"https:\/\/www.actualidadadiario.com\/index.php\/wp-json\/wp\/v2\/posts\/3872"}],"collection":[{"href":"https:\/\/www.actualidadadiario.com\/index.php\/wp-json\/wp\/v2\/posts"}],"about":[{"href":"https:\/\/www.actualidadadiario.com\/index.php\/wp-json\/wp\/v2\/types\/post"}],"author":[{"embeddable":true,"href":"https:\/\/www.actualidadadiario.com\/index.php\/wp-json\/wp\/v2\/users\/3"}],"replies":[{"embeddable":true,"href":"https:\/\/www.actualidadadiario.com\/index.php\/wp-json\/wp\/v2\/comments?post=3872"}],"version-history":[{"count":1,"href":"https:\/\/www.actualidadadiario.com\/index.php\/wp-json\/wp\/v2\/posts\/3872\/revisions"}],"predecessor-version":[{"id":3874,"href":"https:\/\/www.actualidadadiario.com\/index.php\/wp-json\/wp\/v2\/posts\/3872\/revisions\/3874"}],"wp:featuredmedia":[{"embeddable":true,"href":"https:\/\/www.actualidadadiario.com\/index.php\/wp-json\/wp\/v2\/media\/3873"}],"wp:attachment":[{"href":"https:\/\/www.actualidadadiario.com\/index.php\/wp-json\/wp\/v2\/media?parent=3872"}],"wp:term":[{"taxonomy":"category","embeddable":true,"href":"https:\/\/www.actualidadadiario.com\/index.php\/wp-json\/wp\/v2\/categories?post=3872"},{"taxonomy":"post_tag","embeddable":true,"href":"https:\/\/www.actualidadadiario.com\/index.php\/wp-json\/wp\/v2\/tags?post=3872"}],"curies":[{"name":"wp","href":"https:\/\/api.w.org\/{rel}","templated":true}]}}