{"id":3869,"date":"2016-11-03T10:07:59","date_gmt":"2016-11-03T13:07:59","guid":{"rendered":"http:\/\/actualidadadiario.com\/site\/?p=3869"},"modified":"2016-11-03T10:07:59","modified_gmt":"2016-11-03T13:07:59","slug":"el-gobierno-provincial-adhirio-al-pacto-global-de-las-naciones-unidas","status":"publish","type":"post","link":"https:\/\/www.actualidadadiario.com\/index.php\/2016\/11\/03\/el-gobierno-provincial-adhirio-al-pacto-global-de-las-naciones-unidas\/","title":{"rendered":"El gobierno provincial adhiri\u00f3 al Pacto Global de las Naciones Unidas"},"content":{"rendered":"<p><em><strong>El gobierno provincial firm\u00f3 un acuerdo a trav\u00e9s del cual adhiere al Pacto Global de la ONU, que es la mayor inciativa mundial en cuanto a la responsabilidad social y el desarrollo sostenible. El Consejo Empresario de Entre R\u00edos, que forma parte del Consejo de Pol\u00edticas Sociales, convoc\u00f3 en ese marco al Estado entrerriano a suscribir a la iniciativa<\/strong><\/em><\/p>\n<p>&nbsp;<\/p>\n<p>&nbsp;<\/p>\n<p>&nbsp;<\/p>\n<p>&nbsp;<\/p>\n<p>Este mi\u00e9rcoles se realiz\u00f3 en un hotel c\u00e9ntrico de Paran\u00e1 la presentaci\u00f3n del Pacto Global de las Naciones Unidas en la Provincia de Entre R\u00edos, al cual el gobierno provincial adhiri\u00f3 firmando un acuerdo. El denominado Pacto Global es la mayor iniciativa mundial en cuanto a responsabilidad social, dado que cuenta con m\u00e1s de 10.000 participantes en 135 pa\u00edses.<\/p>\n<p>&nbsp;<\/p>\n<p>En Argentina fue lanzado en el a\u00f1o 2004 y en la actualidad cuenta con una red compuesta por casi 500 empresas y organizaciones educativas y de la sociedad civil comprometida en cumplir con los 10 principios para respetar los derechos humanos, los mejores est\u00e1ndares laborales, el medioambiente y la lucha contra la corrupci\u00f3n.<\/p>\n<p>&nbsp;<\/p>\n<p>El gobierno provincial y las instituciones firmaron una carta de intenci\u00f3n manifestando la voluntad de adherirse a los 10 principios del Pacto Global.<\/p>\n<p>&nbsp;<\/p>\n<p>Tras esta r\u00fabrica, la Ministra Desarrollo Social, Laura Stratta, expres\u00f3 \u201ces un mandato del gobernador, Gustavo Bordet, generar espacios de di\u00e1logo social que nos comprometan a todos los actores, del sector p\u00fablico y privado, a construir consensos que nos permitan pensar una sociedad mejor\u201d. En ese marco, Stratta se\u00f1al\u00f3 que \u201cen representaci\u00f3n de la provincia adherimos a los principios que emanan de este pacto, porque muchos de ellos se relacionan con las acciones concretas que impulsamos desde el gobierno de Entre R\u00edos\u201d.<\/p>\n<p>&nbsp;<\/p>\n<p>En tanto, el Coordinador de la Red Argentina de Pacto Global, Flavio Fuertes, se\u00f1al\u00f3 que la iniciativa \u201ces una agenda global que se consensu\u00f3 en el seno de las Naciones Unidas, pero que tiene una realidad que es bien local. Desde los contextos locales es de donde nosotros podemos generar una sociedad diferente, nuestro desaf\u00edo para los pr\u00f3ximos a\u00f1os es construir un desarrollo sostenible a partir de peque\u00f1as acciones que se llevan adelante en lo local, por eso para nosotros es importante este encuentro con el gobierno provincial\u201d.<\/p>\n<p>&nbsp;<\/p>\n<p>Asimismo, la titular del Consejo Empresario de la provincia, Patricia Popelka, tras la firma del convenio, indic\u00f3 que \u201cla adhesi\u00f3n a los objetivos del Pacto Global est\u00e1 abierto al sector privado como a las instituciones p\u00fablicas, sus principios de desarrollo sostenible son superadores e involucran a todos los sectores. Para nosotros, como miembros de la mesa, es muy alentador que podamos estar aqu\u00ed con los representantes directos de este Pacto Global\u201d.<\/p>\n<p>&nbsp;<\/p>\n<p>De la actividad participaron funcionarios del gobierno provincial y municipal, legisladores, autoridades del Consejo Empresario de Entre R\u00edos, representantes de instituciones acad\u00e9micas y de organizaciones sociales, entre otros.<\/p>\n<p>&nbsp;<\/p>\n<p>Previo a la firma del convenio, la Ministra Stratta mantuvo un encuentro a fin de realizar una puesta en com\u00fan de manera detallada de los objetivos del Pacto Global. De la reuni\u00f3n formaron parte referentes del Consejo Empresario de Entre R\u00edos: su presidenta Patricia Popelka, junto al vicepresidente, Germ\u00e1n Jorge, y al Director Ejecutivo, Fernando Caviglia, adem\u00e1s de la delegaci\u00f3n de la Red Argentina de Pacto Global. Este grupo est\u00e1 integrado por Diego Adamson (Port\u00e1gonos), Jorge Figueroa (Randstad), Alicia Ledesma (Universidad Nacional de Rosario), Juan Pablo De Giacomi (AHK Argentina), Ulises Mendoza (grupo Sancor Seguros), Armando Giudici (grupo Sancor Seguros), Mariela Ingaramo (Prevenci\u00f3n Salud \/CITES), Juan Manuel Antol\u00edn (UNSTA) y Flavio Fuertes (PNUD).<\/p>\n","protected":false},"excerpt":{"rendered":"<p>El gobierno provincial firm\u00f3 un acuerdo a trav\u00e9s del cual adhiere al Pacto Global de la ONU, que es la mayor inciativa mundial en cuanto a la responsabilidad social y el desarrollo sostenible. El Consejo Empresario de Entre R\u00edos, que forma parte del Consejo de Pol\u00edticas Sociales, convoc\u00f3 en ese marco al Estado entrerriano a suscribir a la iniciativa &nbsp; &nbsp; &nbsp; &nbsp; Este mi\u00e9rcoles se realiz\u00f3 en un hotel c\u00e9ntrico de Paran\u00e1 la presentaci\u00f3n del Pacto Global de las Naciones Unidas en la Provincia de Entre R\u00edos, al cual&#8230;<\/p>\n","protected":false},"author":3,"featured_media":3870,"comment_status":"closed","ping_status":"closed","sticky":false,"template":"","format":"standard","meta":[],"categories":[15],"tags":[],"_links":{"self":[{"href":"https:\/\/www.actualidadadiario.com\/index.php\/wp-json\/wp\/v2\/posts\/3869"}],"collection":[{"href":"https:\/\/www.actualidadadiario.com\/index.php\/wp-json\/wp\/v2\/posts"}],"about":[{"href":"https:\/\/www.actualidadadiario.com\/index.php\/wp-json\/wp\/v2\/types\/post"}],"author":[{"embeddable":true,"href":"https:\/\/www.actualidadadiario.com\/index.php\/wp-json\/wp\/v2\/users\/3"}],"replies":[{"embeddable":true,"href":"https:\/\/www.actualidadadiario.com\/index.php\/wp-json\/wp\/v2\/comments?post=3869"}],"version-history":[{"count":1,"href":"https:\/\/www.actualidadadiario.com\/index.php\/wp-json\/wp\/v2\/posts\/3869\/revisions"}],"predecessor-version":[{"id":3871,"href":"https:\/\/www.actualidadadiario.com\/index.php\/wp-json\/wp\/v2\/posts\/3869\/revisions\/3871"}],"wp:featuredmedia":[{"embeddable":true,"href":"https:\/\/www.actualidadadiario.com\/index.php\/wp-json\/wp\/v2\/media\/3870"}],"wp:attachment":[{"href":"https:\/\/www.actualidadadiario.com\/index.php\/wp-json\/wp\/v2\/media?parent=3869"}],"wp:term":[{"taxonomy":"category","embeddable":true,"href":"https:\/\/www.actualidadadiario.com\/index.php\/wp-json\/wp\/v2\/categories?post=3869"},{"taxonomy":"post_tag","embeddable":true,"href":"https:\/\/www.actualidadadiario.com\/index.php\/wp-json\/wp\/v2\/tags?post=3869"}],"curies":[{"name":"wp","href":"https:\/\/api.w.org\/{rel}","templated":true}]}}