{"id":3863,"date":"2016-11-03T10:05:45","date_gmt":"2016-11-03T13:05:45","guid":{"rendered":"http:\/\/actualidadadiario.com\/site\/?p=3863"},"modified":"2016-11-03T10:05:45","modified_gmt":"2016-11-03T13:05:45","slug":"acordaron-la-reincorporacion-de-los-trabajadores-de-la-uocra","status":"publish","type":"post","link":"https:\/\/www.actualidadadiario.com\/index.php\/2016\/11\/03\/acordaron-la-reincorporacion-de-los-trabajadores-de-la-uocra\/","title":{"rendered":"Acordaron la reincorporaci\u00f3n de los trabajadores de la Uocra"},"content":{"rendered":"<p><em><strong>En una audiencia realizada este martes en la Secretar\u00eda de Trabajo y Seguridad Social de la provincia, se acord\u00f3 que los trabajadores de la Uni\u00f3n Obrera de la Construcci\u00f3n (Uocra) que hab\u00edan sido despedidos, ser\u00e1n reincorporados en sus puestos de trabajo<\/strong><\/em><\/p>\n<p>&nbsp;<\/p>\n<p>&nbsp;<\/p>\n<p>&nbsp;<\/p>\n<p>Durante la reuni\u00f3n presidida por el secretario de Trabajo, Oscar Balla, los responsables de Uocra y de la empresa Cemyc SRL, arribaron a una soluci\u00f3n tras el conflicto suscitado por el despido de 44 trabajadores de la construcci\u00f3n.<\/p>\n<p>&nbsp;<\/p>\n<p>De esta forma, se garantiza la fuente laboral a los trabajadores, que deber\u00e1n presentarse en su lugar habitual, respet\u00e1ndose su misma carga horaria, desde el d\u00eda de ma\u00f1ana.<\/p>\n<p>&nbsp;<\/p>\n<p>Asimismo, la empresa Cemyc SRL mantendr\u00e1 una comunicaci\u00f3n regular con el \u00e1rea laboral, para informar sobre la situaci\u00f3n de las obras que viene desarrollando en la provincia, a fin garantizar el ritmo constructivo de las obras y encontrar soluciones comunes que eviten disminuci\u00f3n de las fuentes laborales.<\/p>\n<p>&nbsp;<\/p>\n<p>Al respecto, el secretario adjunto del sindicato, Hugo Zalazar celebr\u00f3 la reincorporaci\u00f3n de los trabajadores e indic\u00f3: \u201cPudimos encontrar la soluci\u00f3n y esto es muy positivo porque estamos atravesando meses muy significativos para los trabajadores\u201d. Al ser consultado por la situaci\u00f3n actual que atraviesa el sector, Zalazar sostuvo que \u201csi bien se han perdido algunos puestos de trabajo en el a\u00f1o, en estos \u00faltimos meses se han ido recuperando y tenemos buenas expectativas para el a\u00f1o que viene, ya que creemos que la obra p\u00fablica y privada tendr\u00e1n un repunte\u201d, finaliz\u00f3.<\/p>\n<p>&nbsp;<\/p>\n<p>En la reuni\u00f3n tambi\u00e9n estuvo presente por parte del sindicato el letrado, Roberto Quinodoz y por parte de la empresa, el apoderado Norberto Narcotti y el abogado, Juli\u00e1n Pedrotti. Particip\u00f3 tambi\u00e9n, el director de Trabajo, Silvio Pucheta.<\/p>\n","protected":false},"excerpt":{"rendered":"<p>En una audiencia realizada este martes en la Secretar\u00eda de Trabajo y Seguridad Social de la provincia, se acord\u00f3 que los trabajadores de la Uni\u00f3n Obrera de la Construcci\u00f3n (Uocra) que hab\u00edan sido despedidos, ser\u00e1n reincorporados en sus puestos de trabajo &nbsp; &nbsp; &nbsp; Durante la reuni\u00f3n presidida por el secretario de Trabajo, Oscar Balla, los responsables de Uocra y de la empresa Cemyc SRL, arribaron a una soluci\u00f3n tras el conflicto suscitado por el despido de 44 trabajadores de la construcci\u00f3n. &nbsp; De esta forma, se garantiza la fuente&#8230;<\/p>\n","protected":false},"author":3,"featured_media":3864,"comment_status":"closed","ping_status":"closed","sticky":false,"template":"","format":"standard","meta":[],"categories":[15],"tags":[],"_links":{"self":[{"href":"https:\/\/www.actualidadadiario.com\/index.php\/wp-json\/wp\/v2\/posts\/3863"}],"collection":[{"href":"https:\/\/www.actualidadadiario.com\/index.php\/wp-json\/wp\/v2\/posts"}],"about":[{"href":"https:\/\/www.actualidadadiario.com\/index.php\/wp-json\/wp\/v2\/types\/post"}],"author":[{"embeddable":true,"href":"https:\/\/www.actualidadadiario.com\/index.php\/wp-json\/wp\/v2\/users\/3"}],"replies":[{"embeddable":true,"href":"https:\/\/www.actualidadadiario.com\/index.php\/wp-json\/wp\/v2\/comments?post=3863"}],"version-history":[{"count":1,"href":"https:\/\/www.actualidadadiario.com\/index.php\/wp-json\/wp\/v2\/posts\/3863\/revisions"}],"predecessor-version":[{"id":3865,"href":"https:\/\/www.actualidadadiario.com\/index.php\/wp-json\/wp\/v2\/posts\/3863\/revisions\/3865"}],"wp:featuredmedia":[{"embeddable":true,"href":"https:\/\/www.actualidadadiario.com\/index.php\/wp-json\/wp\/v2\/media\/3864"}],"wp:attachment":[{"href":"https:\/\/www.actualidadadiario.com\/index.php\/wp-json\/wp\/v2\/media?parent=3863"}],"wp:term":[{"taxonomy":"category","embeddable":true,"href":"https:\/\/www.actualidadadiario.com\/index.php\/wp-json\/wp\/v2\/categories?post=3863"},{"taxonomy":"post_tag","embeddable":true,"href":"https:\/\/www.actualidadadiario.com\/index.php\/wp-json\/wp\/v2\/tags?post=3863"}],"curies":[{"name":"wp","href":"https:\/\/api.w.org\/{rel}","templated":true}]}}