{"id":3860,"date":"2016-11-03T10:03:21","date_gmt":"2016-11-03T13:03:21","guid":{"rendered":"http:\/\/actualidadadiario.com\/site\/?p=3860"},"modified":"2016-11-03T10:03:21","modified_gmt":"2016-11-03T13:03:21","slug":"medicos-advierten-que-esta-en-riesgo-la-atencion-por-iosper","status":"publish","type":"post","link":"https:\/\/www.actualidadadiario.com\/index.php\/2016\/11\/03\/medicos-advierten-que-esta-en-riesgo-la-atencion-por-iosper\/","title":{"rendered":"M\u00e9dicos advierten que est\u00e1 en riesgo la atenci\u00f3n por Iosper"},"content":{"rendered":"<p><em><strong>La Femer advirti\u00f3 que la falta de pago de aportes de parte del gobierno a la obra social hace peligrar la atenci\u00f3n m\u00e9dica a los afiliados<\/strong><\/em><\/p>\n<p>&nbsp;<\/p>\n<p>&nbsp;<\/p>\n<p>Este martes por la ma\u00f1ana, el presidente de la Federaci\u00f3n M\u00e9dica de Entre R\u00edos (Femer), Rodolfo Nery, mantuvo una reuni\u00f3n con autoridades de la obra social Iosper para plantearle la preocupaci\u00f3n existente ante el atraso en el pago de prestaciones. Desde la obra social aclararon que no pueden hacer frente a la deuda hasta que el gobierno nos les gire los fondos.<\/p>\n<p>&nbsp;<\/p>\n<p>Seg\u00fan informaron desde la Federaci\u00f3n, se les debe desde el mes de agosto, cuando el compromiso establece que debe abonarse a los 30 d\u00edas.<\/p>\n<p>&nbsp;<\/p>\n<p>Por su parte, las autoridades del Iosper explicaron que hasta que el gobierno provincial no les gire la plata, no tienen fondos para abonar las prestaciones, seg\u00fan comunic\u00f3 la Femer a lo medios de prensa.<\/p>\n<p>&nbsp;<\/p>\n<p>En este sentido, Nery coment\u00f3: &#8220;La Federaci\u00f3n M\u00e9dica ve con mucha preocupaci\u00f3n este atraso. La ley &#8216;antiplus&#8217; efect\u00faa la condena al m\u00e9dico pero no se garantiza el derecho de los profesionales de cobrar en tiempo y forma&#8221;.<\/p>\n","protected":false},"excerpt":{"rendered":"<p>La Femer advirti\u00f3 que la falta de pago de aportes de parte del gobierno a la obra social hace peligrar la atenci\u00f3n m\u00e9dica a los afiliados &nbsp; &nbsp; Este martes por la ma\u00f1ana, el presidente de la Federaci\u00f3n M\u00e9dica de Entre R\u00edos (Femer), Rodolfo Nery, mantuvo una reuni\u00f3n con autoridades de la obra social Iosper para plantearle la preocupaci\u00f3n existente ante el atraso en el pago de prestaciones. Desde la obra social aclararon que no pueden hacer frente a la deuda hasta que el gobierno nos les gire los fondos&#8230;.<\/p>\n","protected":false},"author":3,"featured_media":3861,"comment_status":"closed","ping_status":"closed","sticky":false,"template":"","format":"standard","meta":[],"categories":[15],"tags":[],"_links":{"self":[{"href":"https:\/\/www.actualidadadiario.com\/index.php\/wp-json\/wp\/v2\/posts\/3860"}],"collection":[{"href":"https:\/\/www.actualidadadiario.com\/index.php\/wp-json\/wp\/v2\/posts"}],"about":[{"href":"https:\/\/www.actualidadadiario.com\/index.php\/wp-json\/wp\/v2\/types\/post"}],"author":[{"embeddable":true,"href":"https:\/\/www.actualidadadiario.com\/index.php\/wp-json\/wp\/v2\/users\/3"}],"replies":[{"embeddable":true,"href":"https:\/\/www.actualidadadiario.com\/index.php\/wp-json\/wp\/v2\/comments?post=3860"}],"version-history":[{"count":1,"href":"https:\/\/www.actualidadadiario.com\/index.php\/wp-json\/wp\/v2\/posts\/3860\/revisions"}],"predecessor-version":[{"id":3862,"href":"https:\/\/www.actualidadadiario.com\/index.php\/wp-json\/wp\/v2\/posts\/3860\/revisions\/3862"}],"wp:featuredmedia":[{"embeddable":true,"href":"https:\/\/www.actualidadadiario.com\/index.php\/wp-json\/wp\/v2\/media\/3861"}],"wp:attachment":[{"href":"https:\/\/www.actualidadadiario.com\/index.php\/wp-json\/wp\/v2\/media?parent=3860"}],"wp:term":[{"taxonomy":"category","embeddable":true,"href":"https:\/\/www.actualidadadiario.com\/index.php\/wp-json\/wp\/v2\/categories?post=3860"},{"taxonomy":"post_tag","embeddable":true,"href":"https:\/\/www.actualidadadiario.com\/index.php\/wp-json\/wp\/v2\/tags?post=3860"}],"curies":[{"name":"wp","href":"https:\/\/api.w.org\/{rel}","templated":true}]}}