{"id":3857,"date":"2016-11-03T10:01:41","date_gmt":"2016-11-03T13:01:41","guid":{"rendered":"http:\/\/actualidadadiario.com\/site\/?p=3857"},"modified":"2016-11-03T10:01:41","modified_gmt":"2016-11-03T13:01:41","slug":"avanza-iniciativa-para-declarar-la-emergencia-social-y-aumentar-la-auh","status":"publish","type":"post","link":"https:\/\/www.actualidadadiario.com\/index.php\/2016\/11\/03\/avanza-iniciativa-para-declarar-la-emergencia-social-y-aumentar-la-auh\/","title":{"rendered":"Avanza iniciativa para declarar la emergencia social y aumentar la AUH"},"content":{"rendered":"<p><em><strong>Un proyecto de ley para declarar la Emergencia Social, que promueve la creaci\u00f3n de un mill\u00f3n de puestos de trabajo, recibi\u00f3 dictamen favorable en un plenario de comisiones del Senado y qued\u00f3 en condiciones de ser tratado en la pr\u00f3xima sesi\u00f3n<\/strong><\/em><\/p>\n<p>&nbsp;<\/p>\n<p>&nbsp;<\/p>\n<p>&nbsp;<\/p>\n<p>&nbsp;<\/p>\n<p>El proyecto de los senadores Juan Manuel Abal Medina, Teresita Luna y Jaime Linares fue aprobado en un plenario de las comisiones de Trabajo y Previsi\u00f3n Social, Poblaci\u00f3n y Desarrollo Humano, y Presupuesto y Hacienda.<\/p>\n<p>&nbsp;<\/p>\n<p>La iniciativa fue presentada por los senadores del Frente para la Victoria y del GEN en base a un reclamo hecho por organizaciones sociales y de piqueteros, y miembros del oficialismo como el senador por radicalismo, Alfredo Mart\u00ednez, anticiparon que apoyar\u00e1n el pedido pero con disidencias.<\/p>\n<p>&nbsp;<\/p>\n<p>El proyecto promueve la creaci\u00f3n de un mill\u00f3n de nuevos empleos bajo el Programa Solidario de Ingreso Social con Trabajo y establece la conformaci\u00f3n del Consejo de la Econom\u00eda Popular que intervendr\u00e1 en la fijaci\u00f3n de un salario social complementario.<\/p>\n<p>&nbsp;<\/p>\n<p>A su vez, la propuesta tambi\u00e9n contempla que durante la vigencia de la Emergencia Social se incremente en un quince por ciento los valores vigentes de la Asignaci\u00f3n Universal por Hijo y de la Asignaci\u00f3n por Embarazo.<\/p>\n<p>&nbsp;<\/p>\n<p>Senadores del FPV como Virginia Garc\u00eda adelantaron tambi\u00e9n su apoyo pero con algunas cr\u00edticas por el retraso en haberse impulsado y avisaron que promover\u00e1n algunas modificaciones cuando se trate en el recinto.<\/p>\n<p>&nbsp;<\/p>\n<p>&#8220;Lo vamos a acompa\u00f1ar por las organizaciones sociales que est\u00e1n detr\u00e1s para que no se avasallen m\u00e1s los derechos de los ciudadanos&#8221;, explic\u00f3 la senadora. Abal Medina sostuvo que el proyecto es &#8220;modificable&#8221; pero se mostr\u00f3 satisfecho por la posibilidad de dar una &#8220;contundente respuesta&#8221;.<\/p>\n","protected":false},"excerpt":{"rendered":"<p>Un proyecto de ley para declarar la Emergencia Social, que promueve la creaci\u00f3n de un mill\u00f3n de puestos de trabajo, recibi\u00f3 dictamen favorable en un plenario de comisiones del Senado y qued\u00f3 en condiciones de ser tratado en la pr\u00f3xima sesi\u00f3n &nbsp; &nbsp; &nbsp; &nbsp; El proyecto de los senadores Juan Manuel Abal Medina, Teresita Luna y Jaime Linares fue aprobado en un plenario de las comisiones de Trabajo y Previsi\u00f3n Social, Poblaci\u00f3n y Desarrollo Humano, y Presupuesto y Hacienda. &nbsp; La iniciativa fue presentada por los senadores del Frente&#8230;<\/p>\n","protected":false},"author":3,"featured_media":3858,"comment_status":"closed","ping_status":"closed","sticky":false,"template":"","format":"standard","meta":[],"categories":[18],"tags":[],"_links":{"self":[{"href":"https:\/\/www.actualidadadiario.com\/index.php\/wp-json\/wp\/v2\/posts\/3857"}],"collection":[{"href":"https:\/\/www.actualidadadiario.com\/index.php\/wp-json\/wp\/v2\/posts"}],"about":[{"href":"https:\/\/www.actualidadadiario.com\/index.php\/wp-json\/wp\/v2\/types\/post"}],"author":[{"embeddable":true,"href":"https:\/\/www.actualidadadiario.com\/index.php\/wp-json\/wp\/v2\/users\/3"}],"replies":[{"embeddable":true,"href":"https:\/\/www.actualidadadiario.com\/index.php\/wp-json\/wp\/v2\/comments?post=3857"}],"version-history":[{"count":1,"href":"https:\/\/www.actualidadadiario.com\/index.php\/wp-json\/wp\/v2\/posts\/3857\/revisions"}],"predecessor-version":[{"id":3859,"href":"https:\/\/www.actualidadadiario.com\/index.php\/wp-json\/wp\/v2\/posts\/3857\/revisions\/3859"}],"wp:featuredmedia":[{"embeddable":true,"href":"https:\/\/www.actualidadadiario.com\/index.php\/wp-json\/wp\/v2\/media\/3858"}],"wp:attachment":[{"href":"https:\/\/www.actualidadadiario.com\/index.php\/wp-json\/wp\/v2\/media?parent=3857"}],"wp:term":[{"taxonomy":"category","embeddable":true,"href":"https:\/\/www.actualidadadiario.com\/index.php\/wp-json\/wp\/v2\/categories?post=3857"},{"taxonomy":"post_tag","embeddable":true,"href":"https:\/\/www.actualidadadiario.com\/index.php\/wp-json\/wp\/v2\/tags?post=3857"}],"curies":[{"name":"wp","href":"https:\/\/api.w.org\/{rel}","templated":true}]}}