{"id":38565,"date":"2019-01-04T12:19:15","date_gmt":"2019-01-04T15:19:15","guid":{"rendered":"https:\/\/www.actualidadadiario.com\/?p=38565"},"modified":"2019-01-04T12:19:15","modified_gmt":"2019-01-04T15:19:15","slug":"el-gobierno-tiene-en-carpeta-un-proyecto-para-reformar-la-carrera-militar","status":"publish","type":"post","link":"https:\/\/www.actualidadadiario.com\/index.php\/2019\/01\/04\/el-gobierno-tiene-en-carpeta-un-proyecto-para-reformar-la-carrera-militar\/","title":{"rendered":"El Gobierno tiene en carpeta un proyecto para reformar la carrera militar"},"content":{"rendered":"<p><em><strong>El Gobierno buscar\u00e1 este a\u00f1o reformar la carrera militar. Lo \u00fanico que trascendi\u00f3 del proyecto en el que trabaja el ministro de Defensa, Oscar Aguad, fue que las Fuerzas Armadas sumar\u00e1n un sistema de reserva integrado por voluntarios civiles, que estar\u00e1n a disposici\u00f3n para ser convocados ante un conflicto b\u00e9lico o desastre natural. Los reservistas deber\u00e1n pasar por un entrenamiento militar y percibir\u00e1n un salario por estar a disposici\u00f3n<\/strong><\/em><\/p>\n<p>&nbsp;<\/p>\n<p>&nbsp;<\/p>\n<p>&nbsp;<\/p>\n<p>&nbsp;<\/p>\n<p>Esta nueva fuerza de reserva, seg\u00fan public\u00f3 el diario Clar\u00edn, buscar\u00e1 sumar unos 10.000 efectivos, al tiempo que estar\u00eda acompa\u00f1ada por la reducci\u00f3n del plantel de militares y civiles activos de las tres fuerzas. Entre los reservistas, el Gobierno buscar\u00e1 atraer tambi\u00e9n a profesionales y t\u00e9cnicos, especialmente en el campo de la ingenier\u00eda, para atender los \u201cdesaf\u00edos de la ciberdefensa\u201d.<\/p>\n<p>&nbsp;<\/p>\n<p>Si bien se desconoce a\u00fan el texto del proyecto, se sabe que el Gobierno pretende redefinir el rol de las Fuerzas Armadas para extender su participaci\u00f3n en temas de seguridad interior. En julio, el presidente Mauricio Macri oficializ\u00f3 el decreto 683\/2018, que ampl\u00eda el uso de las Fuerzas \u201cante cualquier otra forma de agresi\u00f3n externa\u201d y ya no para actuar s\u00f3lo frente ataques de otros Estados como sosten\u00eda la reglamentaci\u00f3n formulada por la administraci\u00f3n de N\u00e9stor Kirchner.<\/p>\n<p>&nbsp;<\/p>\n<p>Basada en las \u201cnuevas amenazas\u201d, la doctrina de Cambiemos modific\u00f3 el art\u00edculo principal para permitir que las tropas militares sean empleadas \u201cante cualquier otra forma de agresi\u00f3n externa\u201d, incluyendo el narcotr\u00e1fico y el terrorismo.<\/p>\n<p>&nbsp;<\/p>\n<p>\u201cSon \u00e9pocas de grandes transformaciones, el mundo est\u00e1 en constante movimiento y hoy somos testigos de acontecimientos cada vez m\u00e1s importantes. Necesitamos Fuerzas que se adapten a las amenazas del Siglo XXI y que est\u00e9n preparadas para enfrentar los problemas que hoy nos preocupan\u201d, afirm\u00f3 Macri cuando encabez\u00f3 el acto por el D\u00eda del Ej\u00e9rcito, el 29 de mayo pasado. Desde all\u00ed, reclam\u00f3 tambi\u00e9n que las Fuerzas \u201ccontribuyan en la pol\u00edtica exterior\u201d para generar \u201cconfianza y reconocimiento a nivel nacional\u201d.<\/p>\n","protected":false},"excerpt":{"rendered":"<p>El Gobierno buscar\u00e1 este a\u00f1o reformar la carrera militar. Lo \u00fanico que trascendi\u00f3 del proyecto en el que trabaja el ministro de Defensa, Oscar Aguad, fue que las Fuerzas Armadas sumar\u00e1n un sistema de reserva integrado por voluntarios civiles, que estar\u00e1n a disposici\u00f3n para ser convocados ante un conflicto b\u00e9lico o desastre natural. Los reservistas deber\u00e1n pasar por un entrenamiento militar y percibir\u00e1n un salario por estar a disposici\u00f3n &nbsp; &nbsp; &nbsp; &nbsp; Esta nueva fuerza de reserva, seg\u00fan public\u00f3 el diario Clar\u00edn, buscar\u00e1 sumar unos 10.000 efectivos, al tiempo&#8230;<\/p>\n","protected":false},"author":3,"featured_media":38566,"comment_status":"closed","ping_status":"closed","sticky":false,"template":"","format":"standard","meta":[],"categories":[18],"tags":[],"_links":{"self":[{"href":"https:\/\/www.actualidadadiario.com\/index.php\/wp-json\/wp\/v2\/posts\/38565"}],"collection":[{"href":"https:\/\/www.actualidadadiario.com\/index.php\/wp-json\/wp\/v2\/posts"}],"about":[{"href":"https:\/\/www.actualidadadiario.com\/index.php\/wp-json\/wp\/v2\/types\/post"}],"author":[{"embeddable":true,"href":"https:\/\/www.actualidadadiario.com\/index.php\/wp-json\/wp\/v2\/users\/3"}],"replies":[{"embeddable":true,"href":"https:\/\/www.actualidadadiario.com\/index.php\/wp-json\/wp\/v2\/comments?post=38565"}],"version-history":[{"count":1,"href":"https:\/\/www.actualidadadiario.com\/index.php\/wp-json\/wp\/v2\/posts\/38565\/revisions"}],"predecessor-version":[{"id":38567,"href":"https:\/\/www.actualidadadiario.com\/index.php\/wp-json\/wp\/v2\/posts\/38565\/revisions\/38567"}],"wp:featuredmedia":[{"embeddable":true,"href":"https:\/\/www.actualidadadiario.com\/index.php\/wp-json\/wp\/v2\/media\/38566"}],"wp:attachment":[{"href":"https:\/\/www.actualidadadiario.com\/index.php\/wp-json\/wp\/v2\/media?parent=38565"}],"wp:term":[{"taxonomy":"category","embeddable":true,"href":"https:\/\/www.actualidadadiario.com\/index.php\/wp-json\/wp\/v2\/categories?post=38565"},{"taxonomy":"post_tag","embeddable":true,"href":"https:\/\/www.actualidadadiario.com\/index.php\/wp-json\/wp\/v2\/tags?post=38565"}],"curies":[{"name":"wp","href":"https:\/\/api.w.org\/{rel}","templated":true}]}}