{"id":38562,"date":"2019-01-04T12:18:41","date_gmt":"2019-01-04T15:18:41","guid":{"rendered":"https:\/\/www.actualidadadiario.com\/?p=38562"},"modified":"2019-01-04T12:18:41","modified_gmt":"2019-01-04T15:18:41","slug":"el-juez-bonadio-suspendio-la-indagatoria-a-franco-macri","status":"publish","type":"post","link":"https:\/\/www.actualidadadiario.com\/index.php\/2019\/01\/04\/el-juez-bonadio-suspendio-la-indagatoria-a-franco-macri\/","title":{"rendered":"El juez Bonadio suspendi\u00f3 la indagatoria a Franco Macri"},"content":{"rendered":"<p><em><strong>Es por razones de salud del empresario, seg\u00fan la revisaci\u00f3n que le realizaron peritos judiciales<\/strong><\/em><\/p>\n<p>&nbsp;<\/p>\n<p>&nbsp;<\/p>\n<p>&nbsp;<\/p>\n<p>El juez Claudio Bonadio, a cargo de la causa derivada de las fotocopias de Oscar Centeno y que se ramific\u00f3 hasta la familia Macri, decidi\u00f3 suspender la citaci\u00f3n a declaraci\u00f3n obligatoria que hab\u00eda resuelto para el padre del presidente de la naci\u00f3n.<\/p>\n<p>&nbsp;<\/p>\n<p>El magistrado se bas\u00f3 en el informe del Cuerpo M\u00e9dico Forense, que se\u00f1al\u00f3 que Franco Macri no est\u00e1 en condiciones de ejercer su derecho de defensa ni declarar en indagatoria, seg\u00fan public\u00f3 el portal Infobae.<\/p>\n<p>&nbsp;<\/p>\n<p>Los facultativos deben revisar cada tres meses al magnate, de 88 a\u00f1os, para comprobar en qu\u00e9 situaci\u00f3n se encuentra y comunicar su estado al juez del caso.<\/p>\n<p>&nbsp;<\/p>\n<p>La causa en la que est\u00e1 involucrado el patriarca de la familia Macri est\u00e1 relacionada con el pago de coimas por parte de empresas que explotaban corredores viales por peaje durante el gobierno de N\u00e9stor Kirchner.<\/p>\n<p>&nbsp;<\/p>\n<p>Claudio Uberti, quien estuvo a cargo del \u00d3rgano de Control de Concesiones Viales, declar\u00f3 ante Bonadio que los empresarios de pagaban una coima mensual. Algunos de ellos ya admitieron los pagos irregulares.<\/p>\n<p>&nbsp;<\/p>\n<p>Entre los citados estaban Franco y Gianfranco Macri, padre y hermano del jefe del Estado. Gianfranco declar\u00f3 el 13 de diciembre \u00faltimo y neg\u00f3 estar involucrado en las coimas.<\/p>\n","protected":false},"excerpt":{"rendered":"<p>Es por razones de salud del empresario, seg\u00fan la revisaci\u00f3n que le realizaron peritos judiciales &nbsp; &nbsp; &nbsp; El juez Claudio Bonadio, a cargo de la causa derivada de las fotocopias de Oscar Centeno y que se ramific\u00f3 hasta la familia Macri, decidi\u00f3 suspender la citaci\u00f3n a declaraci\u00f3n obligatoria que hab\u00eda resuelto para el padre del presidente de la naci\u00f3n. &nbsp; El magistrado se bas\u00f3 en el informe del Cuerpo M\u00e9dico Forense, que se\u00f1al\u00f3 que Franco Macri no est\u00e1 en condiciones de ejercer su derecho de defensa ni declarar en&#8230;<\/p>\n","protected":false},"author":3,"featured_media":38563,"comment_status":"closed","ping_status":"closed","sticky":false,"template":"","format":"standard","meta":[],"categories":[18],"tags":[],"_links":{"self":[{"href":"https:\/\/www.actualidadadiario.com\/index.php\/wp-json\/wp\/v2\/posts\/38562"}],"collection":[{"href":"https:\/\/www.actualidadadiario.com\/index.php\/wp-json\/wp\/v2\/posts"}],"about":[{"href":"https:\/\/www.actualidadadiario.com\/index.php\/wp-json\/wp\/v2\/types\/post"}],"author":[{"embeddable":true,"href":"https:\/\/www.actualidadadiario.com\/index.php\/wp-json\/wp\/v2\/users\/3"}],"replies":[{"embeddable":true,"href":"https:\/\/www.actualidadadiario.com\/index.php\/wp-json\/wp\/v2\/comments?post=38562"}],"version-history":[{"count":1,"href":"https:\/\/www.actualidadadiario.com\/index.php\/wp-json\/wp\/v2\/posts\/38562\/revisions"}],"predecessor-version":[{"id":38564,"href":"https:\/\/www.actualidadadiario.com\/index.php\/wp-json\/wp\/v2\/posts\/38562\/revisions\/38564"}],"wp:featuredmedia":[{"embeddable":true,"href":"https:\/\/www.actualidadadiario.com\/index.php\/wp-json\/wp\/v2\/media\/38563"}],"wp:attachment":[{"href":"https:\/\/www.actualidadadiario.com\/index.php\/wp-json\/wp\/v2\/media?parent=38562"}],"wp:term":[{"taxonomy":"category","embeddable":true,"href":"https:\/\/www.actualidadadiario.com\/index.php\/wp-json\/wp\/v2\/categories?post=38562"},{"taxonomy":"post_tag","embeddable":true,"href":"https:\/\/www.actualidadadiario.com\/index.php\/wp-json\/wp\/v2\/tags?post=38562"}],"curies":[{"name":"wp","href":"https:\/\/api.w.org\/{rel}","templated":true}]}}