{"id":38559,"date":"2019-01-04T12:17:57","date_gmt":"2019-01-04T15:17:57","guid":{"rendered":"https:\/\/www.actualidadadiario.com\/?p=38559"},"modified":"2019-01-04T12:17:57","modified_gmt":"2019-01-04T15:17:57","slug":"bullrich-defendio-el-uso-de-las-taser-esta-probado-que-es-muy-eficaz","status":"publish","type":"post","link":"https:\/\/www.actualidadadiario.com\/index.php\/2019\/01\/04\/bullrich-defendio-el-uso-de-las-taser-esta-probado-que-es-muy-eficaz\/","title":{"rendered":"Bullrich defendi\u00f3 el uso de las Taser: \u201cEst\u00e1 probado que es muy eficaz\u201d"},"content":{"rendered":"<p><em><strong>La ministra de Seguridad confirm\u00f3 la compra de 300 pistolas el\u00e9ctricas para ser utilizada en aeropuertos y trenes. \u201cEs una decisi\u00f3n tomada y estamos arrancando la licitaci\u00f3n\u201d, afirm\u00f3<\/strong><\/em><\/p>\n<p>&nbsp;<\/p>\n<p>&nbsp;<\/p>\n<p>&nbsp;<\/p>\n<p>La ministra de Seguridad, Patricia Bullrich, defendi\u00f3 el uso de las pistolas Taser para que las fuerzas de seguridad las utilicen en aeropuertos y trenes al se\u00f1alar que su utilizaci\u00f3n \u201ces muy eficaz\u201d en lugares con mucha gente.<\/p>\n<p>&nbsp;<\/p>\n<p>\u201cLa compra de las Taser es una decisi\u00f3n que est\u00e1 tomada y estamos arrancando una licitaci\u00f3n\u201d, confirm\u00f3 este viernes la funcionaria en declaraciones a radio La Red.<\/p>\n<p>&nbsp;<\/p>\n<p>Adem\u00e1s, la ministra explic\u00f3 que si la Taser se hubiese utilizado durante los incidentes en All Boys, los violentos \u201cse habr\u00edan disipado sin problema\u201d.\u00a0 \u201cHay una necesidad de que la polic\u00eda sepa que si act\u00faa para proteger a la sociedad va a ser acompa\u00f1ada por las autoridades\u201d, agreg\u00f3.<\/p>\n<p>&nbsp;<\/p>\n<p>Seg\u00fan public\u00f3 el diario Clar\u00edn, el Gobierno avanzar\u00e1 en la compra de unas 300 pistolas Taser para que las fuerzas de seguridad las utilicen en aeropuertos y trenes. Se trata de armas que inmovilizan de forma instant\u00e1nea a quien recibe la descarga, que genera m\u00faltiples contracciones musculares por segundo.<\/p>\n<p>&nbsp;<\/p>\n<p>La Taser tiene un alcance de hasta 8 metros y, para evitar da\u00f1os f\u00edsicos en quien recibe la descarga, los especialistas aconsejan evitar la zona de los ojos.<\/p>\n<p>&nbsp;<\/p>\n<p>Seg\u00fan c\u00e1lculos que hacen en Seguridad, requerir\u00eda no m\u00e1s de 300 taser y cada pistola, estiman, cuesta unos 3.000 d\u00f3lares.<\/p>\n<p>&nbsp;<\/p>\n<p>A eso se deber\u00e1n sumar los costos en la capacitaci\u00f3n del personal, de la Polic\u00eda Federal y de la Polic\u00eda de Seguridad Aeroportuaria, que puede duplicar el costo de la inversi\u00f3n inicial, que en forma global rondar\u00eda los 3 millones de d\u00f3lares.<\/p>\n","protected":false},"excerpt":{"rendered":"<p>La ministra de Seguridad confirm\u00f3 la compra de 300 pistolas el\u00e9ctricas para ser utilizada en aeropuertos y trenes. \u201cEs una decisi\u00f3n tomada y estamos arrancando la licitaci\u00f3n\u201d, afirm\u00f3 &nbsp; &nbsp; &nbsp; La ministra de Seguridad, Patricia Bullrich, defendi\u00f3 el uso de las pistolas Taser para que las fuerzas de seguridad las utilicen en aeropuertos y trenes al se\u00f1alar que su utilizaci\u00f3n \u201ces muy eficaz\u201d en lugares con mucha gente. &nbsp; \u201cLa compra de las Taser es una decisi\u00f3n que est\u00e1 tomada y estamos arrancando una licitaci\u00f3n\u201d, confirm\u00f3 este viernes la&#8230;<\/p>\n","protected":false},"author":3,"featured_media":38560,"comment_status":"closed","ping_status":"closed","sticky":false,"template":"","format":"standard","meta":[],"categories":[18],"tags":[],"_links":{"self":[{"href":"https:\/\/www.actualidadadiario.com\/index.php\/wp-json\/wp\/v2\/posts\/38559"}],"collection":[{"href":"https:\/\/www.actualidadadiario.com\/index.php\/wp-json\/wp\/v2\/posts"}],"about":[{"href":"https:\/\/www.actualidadadiario.com\/index.php\/wp-json\/wp\/v2\/types\/post"}],"author":[{"embeddable":true,"href":"https:\/\/www.actualidadadiario.com\/index.php\/wp-json\/wp\/v2\/users\/3"}],"replies":[{"embeddable":true,"href":"https:\/\/www.actualidadadiario.com\/index.php\/wp-json\/wp\/v2\/comments?post=38559"}],"version-history":[{"count":1,"href":"https:\/\/www.actualidadadiario.com\/index.php\/wp-json\/wp\/v2\/posts\/38559\/revisions"}],"predecessor-version":[{"id":38561,"href":"https:\/\/www.actualidadadiario.com\/index.php\/wp-json\/wp\/v2\/posts\/38559\/revisions\/38561"}],"wp:featuredmedia":[{"embeddable":true,"href":"https:\/\/www.actualidadadiario.com\/index.php\/wp-json\/wp\/v2\/media\/38560"}],"wp:attachment":[{"href":"https:\/\/www.actualidadadiario.com\/index.php\/wp-json\/wp\/v2\/media?parent=38559"}],"wp:term":[{"taxonomy":"category","embeddable":true,"href":"https:\/\/www.actualidadadiario.com\/index.php\/wp-json\/wp\/v2\/categories?post=38559"},{"taxonomy":"post_tag","embeddable":true,"href":"https:\/\/www.actualidadadiario.com\/index.php\/wp-json\/wp\/v2\/tags?post=38559"}],"curies":[{"name":"wp","href":"https:\/\/api.w.org\/{rel}","templated":true}]}}