{"id":38556,"date":"2019-01-04T12:17:25","date_gmt":"2019-01-04T15:17:25","guid":{"rendered":"https:\/\/www.actualidadadiario.com\/?p=38556"},"modified":"2019-01-04T12:17:25","modified_gmt":"2019-01-04T15:17:25","slug":"por-primera-vez-en-su-gestion-macri-visitara-santa-cruz-y-tierra-del-fuego","status":"publish","type":"post","link":"https:\/\/www.actualidadadiario.com\/index.php\/2019\/01\/04\/por-primera-vez-en-su-gestion-macri-visitara-santa-cruz-y-tierra-del-fuego\/","title":{"rendered":"Por primera vez en su gesti\u00f3n, Macri visitar\u00e1 Santa Cruz y Tierra del Fuego"},"content":{"rendered":"<p><em><strong>En medio de sus vacaciones en la Patagonia, el presidente Mauricio Macri encabez\u00f3 ayer en la ciudad rionegrina de San Carlos de Bariloche su primer acto oficial del a\u00f1o, en el que inaugur\u00f3 un nuevo tramo del Gasoducto-Cordillerano Patag\u00f3nico, junto al gobernador Alberto Weretilneck. En los pr\u00f3ximos d\u00edas, visitar\u00e1 Santa Cruz y Tierra del Fuego, dos distritos gobernados por mandatarias peronistas y los \u00fanicos dos que no pis\u00f3 desde que asumi\u00f3 su cargo, en diciembre de 2015<\/strong><\/em><\/p>\n<p>&nbsp;<\/p>\n<p>&nbsp;<\/p>\n<p>&nbsp;<\/p>\n<p>&nbsp;<\/p>\n<p>Al igual que el verano anterior, el jefe de Estado decidi\u00f3 interrumpir su descanso en la localidad neuquina de Villa La Angostura -que en total ser\u00e1 de 25 d\u00edas- con un viaje a otra provincia patag\u00f3nica para apaciguar cualquier cr\u00edtica por la extensi\u00f3n de su receso. &#8220;Ac\u00e1 hab\u00eda una obra que se hab\u00eda prometido en 2013, en el 2015 y cuando llegamos al gobierno, no hab\u00eda un solo metro de ca\u00f1o construido&#8221;, dijo Macri en la sede de Camuzzi Gas, la empresa a cargo de la ampliaci\u00f3n del gasoducto.<\/p>\n<p>&nbsp;<\/p>\n<p>Antes del acto, que apenas dur\u00f3 15 minutos, el presidente se reuni\u00f3 con Weretilneck por casi una hora. Seg\u00fan el propio Macri, durante el encuentro hablaron &#8220;de lo bien que le va al turismo&#8221;. Sin embargo, uno de los temas centrales que abordaron fue la situaci\u00f3n pol\u00edtica de la provincia de cara a las elecciones de este a\u00f1o. El principal objetivo del gobernador es conseguir que la Casa Rosada le brinde apoyo para ir por otro mandato, aun cuando la Constituci\u00f3n local establece como l\u00edmite dos per\u00edodos consecutivos. Con una interpretaci\u00f3n distinta del texto de la ley, el mandatario rionegrino alega que asumi\u00f3 su primer per\u00edodo siendo vicegobernador en reemplazo del fallecido Carlos Soria. Por ahora, desde la alianza Cambiemos estar\u00edan dispuestos a brindarle ayuda debido a que no cuentan con un candidato de peso en esa provincia.<\/p>\n<p>&nbsp;<\/p>\n<p>Luego de la inauguraci\u00f3n, Macri volvi\u00f3 en helic\u00f3ptero a Cumel\u00e9n Country Club, donde vacaciona desde el 22 de diciembre \u00faltimo, junto a su esposa, Juliana Awada, y su hija menor, Antonia. Reci\u00e9n la semana pr\u00f3xima podr\u00eda tener una reuni\u00f3n con el gobernador de Neuqu\u00e9n, Omar Guti\u00e9rrez, y en diez d\u00edas est\u00e1 previsto que viaje a Santa Cruz y Tierra del Fuego, donde se encontrar\u00e1 con las gobernadoras Alicia Kirchner y Rosana Bertone. El 16 de enero, volar\u00e1 a Brasilia para mantener una reuni\u00f3n con el flamante mandatario de Brasil, Jair Bolsonaro.<\/p>\n","protected":false},"excerpt":{"rendered":"<p>En medio de sus vacaciones en la Patagonia, el presidente Mauricio Macri encabez\u00f3 ayer en la ciudad rionegrina de San Carlos de Bariloche su primer acto oficial del a\u00f1o, en el que inaugur\u00f3 un nuevo tramo del Gasoducto-Cordillerano Patag\u00f3nico, junto al gobernador Alberto Weretilneck. En los pr\u00f3ximos d\u00edas, visitar\u00e1 Santa Cruz y Tierra del Fuego, dos distritos gobernados por mandatarias peronistas y los \u00fanicos dos que no pis\u00f3 desde que asumi\u00f3 su cargo, en diciembre de 2015 &nbsp; &nbsp; &nbsp; &nbsp; Al igual que el verano anterior, el jefe de&#8230;<\/p>\n","protected":false},"author":3,"featured_media":38557,"comment_status":"closed","ping_status":"closed","sticky":false,"template":"","format":"standard","meta":[],"categories":[9],"tags":[],"_links":{"self":[{"href":"https:\/\/www.actualidadadiario.com\/index.php\/wp-json\/wp\/v2\/posts\/38556"}],"collection":[{"href":"https:\/\/www.actualidadadiario.com\/index.php\/wp-json\/wp\/v2\/posts"}],"about":[{"href":"https:\/\/www.actualidadadiario.com\/index.php\/wp-json\/wp\/v2\/types\/post"}],"author":[{"embeddable":true,"href":"https:\/\/www.actualidadadiario.com\/index.php\/wp-json\/wp\/v2\/users\/3"}],"replies":[{"embeddable":true,"href":"https:\/\/www.actualidadadiario.com\/index.php\/wp-json\/wp\/v2\/comments?post=38556"}],"version-history":[{"count":1,"href":"https:\/\/www.actualidadadiario.com\/index.php\/wp-json\/wp\/v2\/posts\/38556\/revisions"}],"predecessor-version":[{"id":38558,"href":"https:\/\/www.actualidadadiario.com\/index.php\/wp-json\/wp\/v2\/posts\/38556\/revisions\/38558"}],"wp:featuredmedia":[{"embeddable":true,"href":"https:\/\/www.actualidadadiario.com\/index.php\/wp-json\/wp\/v2\/media\/38557"}],"wp:attachment":[{"href":"https:\/\/www.actualidadadiario.com\/index.php\/wp-json\/wp\/v2\/media?parent=38556"}],"wp:term":[{"taxonomy":"category","embeddable":true,"href":"https:\/\/www.actualidadadiario.com\/index.php\/wp-json\/wp\/v2\/categories?post=38556"},{"taxonomy":"post_tag","embeddable":true,"href":"https:\/\/www.actualidadadiario.com\/index.php\/wp-json\/wp\/v2\/tags?post=38556"}],"curies":[{"name":"wp","href":"https:\/\/api.w.org\/{rel}","templated":true}]}}