{"id":38553,"date":"2019-01-04T12:16:47","date_gmt":"2019-01-04T15:16:47","guid":{"rendered":"https:\/\/www.actualidadadiario.com\/?p=38553"},"modified":"2019-01-04T12:16:47","modified_gmt":"2019-01-04T15:16:47","slug":"juan-manuel-urtubey-sera-candidato-a-presidente","status":"publish","type":"post","link":"https:\/\/www.actualidadadiario.com\/index.php\/2019\/01\/04\/juan-manuel-urtubey-sera-candidato-a-presidente\/","title":{"rendered":"Juan Manuel Urtubey ser\u00e1 candidato a presidente"},"content":{"rendered":"<p><em><strong>El gobernador de Salta no descart\u00f3 una interna con Sergio Massa<\/strong><\/em><\/p>\n<p>&nbsp;<\/p>\n<p>&nbsp;<\/p>\n<p>&nbsp;<\/p>\n<p>El gobernador de Salta, Juan Manuel Urtubey, confirm\u00f3 que ser\u00e1 candidato presidencial por el espacio Alternativa Federal, no descart\u00f3 una interna con Sergio Massa y destac\u00f3 la necesidad de establecer &#8220;un gobierno de unidad nacional&#8221;.<\/p>\n<p>&nbsp;<\/p>\n<p>&#8220;Voy a ser candidato a presidente porque para salir de la crisis tenemos que salir de la grieta que nos ofrecen (el presidente Mauricio) Macri y (la senadora) Cristina (Kirchner)&#8221;, manifest\u00f3 Urtubey.<\/p>\n<p>&nbsp;<\/p>\n<p>El gobernador peronista consider\u00f3 a la profundizaci\u00f3n de la grieta como &#8220;el peor legado de la gesti\u00f3n Macri&#8221; y que el 45% de los argentinos no quiere votar ni a Mauricio Macri ni a Cristina Kirchner.<\/p>\n<p>&nbsp;<\/p>\n<p>&#8220;Ah\u00ed est\u00e1 la base de la construcci\u00f3n pol\u00edtica que estoy impulsando. Si hay candidatos que puedan conmover a la gente, se llenar\u00e1 ese espacio. Si no los hay, seguiremos en la polarizaci\u00f3n&#8221;, indic\u00f3.<\/p>\n<p>&nbsp;<\/p>\n<p>Asimismo, Urtubey estim\u00f3 que &#8220;el escenario m\u00e1s probable&#8221; es una interna con Sergio Massa con quien comparte la idea de que resulta necesario abandonar la griega para establecer &#8220;un gobierno de unidad nacional&#8221;.<\/p>\n<p>&nbsp;<\/p>\n<p>&#8220;Ambos pensamos que necesitamos construir una Argentina desarrollista donde la producci\u00f3n y el trabajo sean el eje de la pol\u00edtica p\u00fablica y no variables que se acomoden seg\u00fan la macroeconom\u00eda&#8221;, indic\u00f3.<\/p>\n<p>&nbsp;<\/p>\n<p>En cuanto a su plan de gobierno en caso de acceder a la Presidencia, el gobernador de Salta se\u00f1al\u00f3 que propone un sistema parlamentario con un jefe de gabinete designado y removido por el Congreso.<\/p>\n<p>&nbsp;<\/p>\n<p>&#8220;Eso obliga a generar consensos y pol\u00edticas de Estado. Hay que incluir un consejo econ\u00f3mico social e ir a mecanismos de democracia semidirecta&#8221;, expres\u00f3.<\/p>\n<p>&nbsp;<\/p>\n<p>Respecto a la conformaci\u00f3n de su espacio destac\u00f3 que todos ser\u00e1n bienvenidos porque se intenta incluir a todos los sectores entre los que destac\u00f3 a kirchneristas, macristas, y socialistas.<\/p>\n<p>&nbsp;<\/p>\n<p>&#8220;Los kirchneristas que est\u00e9n de acuerdo con lo que estamos planteando que hay que hacer con la Argentina, que vengan&#8221;, destac\u00f3.<\/p>\n<p>&nbsp;<\/p>\n<p>Y agreg\u00f3: &#8220;Obviamente, bajo determinados par\u00e1metros: querer ser parte de un gobierno de uni\u00f3n nacional que salga de la l\u00f3gica de la confrontaci\u00f3n, y no estar involucrados en hechos de corrupci\u00f3n&#8221;.<\/p>\n<p>&nbsp;<\/p>\n<p>Urtubey se manifest\u00f3 enormemente optimista en cuanto a sus posibilidades de alcanzar la presidencia, aunque en caso de no ser as\u00ed continuar\u00e1 &#8220;trabajando para fortalecer este espacio y trabajando en la actividad privada&#8221;.<\/p>\n","protected":false},"excerpt":{"rendered":"<p>El gobernador de Salta no descart\u00f3 una interna con Sergio Massa &nbsp; &nbsp; &nbsp; El gobernador de Salta, Juan Manuel Urtubey, confirm\u00f3 que ser\u00e1 candidato presidencial por el espacio Alternativa Federal, no descart\u00f3 una interna con Sergio Massa y destac\u00f3 la necesidad de establecer &#8220;un gobierno de unidad nacional&#8221;. &nbsp; &#8220;Voy a ser candidato a presidente porque para salir de la crisis tenemos que salir de la grieta que nos ofrecen (el presidente Mauricio) Macri y (la senadora) Cristina (Kirchner)&#8221;, manifest\u00f3 Urtubey. &nbsp; El gobernador peronista consider\u00f3 a la profundizaci\u00f3n&#8230;<\/p>\n","protected":false},"author":3,"featured_media":38554,"comment_status":"closed","ping_status":"closed","sticky":false,"template":"","format":"standard","meta":[],"categories":[18],"tags":[],"_links":{"self":[{"href":"https:\/\/www.actualidadadiario.com\/index.php\/wp-json\/wp\/v2\/posts\/38553"}],"collection":[{"href":"https:\/\/www.actualidadadiario.com\/index.php\/wp-json\/wp\/v2\/posts"}],"about":[{"href":"https:\/\/www.actualidadadiario.com\/index.php\/wp-json\/wp\/v2\/types\/post"}],"author":[{"embeddable":true,"href":"https:\/\/www.actualidadadiario.com\/index.php\/wp-json\/wp\/v2\/users\/3"}],"replies":[{"embeddable":true,"href":"https:\/\/www.actualidadadiario.com\/index.php\/wp-json\/wp\/v2\/comments?post=38553"}],"version-history":[{"count":1,"href":"https:\/\/www.actualidadadiario.com\/index.php\/wp-json\/wp\/v2\/posts\/38553\/revisions"}],"predecessor-version":[{"id":38555,"href":"https:\/\/www.actualidadadiario.com\/index.php\/wp-json\/wp\/v2\/posts\/38553\/revisions\/38555"}],"wp:featuredmedia":[{"embeddable":true,"href":"https:\/\/www.actualidadadiario.com\/index.php\/wp-json\/wp\/v2\/media\/38554"}],"wp:attachment":[{"href":"https:\/\/www.actualidadadiario.com\/index.php\/wp-json\/wp\/v2\/media?parent=38553"}],"wp:term":[{"taxonomy":"category","embeddable":true,"href":"https:\/\/www.actualidadadiario.com\/index.php\/wp-json\/wp\/v2\/categories?post=38553"},{"taxonomy":"post_tag","embeddable":true,"href":"https:\/\/www.actualidadadiario.com\/index.php\/wp-json\/wp\/v2\/tags?post=38553"}],"curies":[{"name":"wp","href":"https:\/\/api.w.org\/{rel}","templated":true}]}}