{"id":38550,"date":"2019-01-04T12:16:11","date_gmt":"2019-01-04T15:16:11","guid":{"rendered":"https:\/\/www.actualidadadiario.com\/?p=38550"},"modified":"2019-01-04T12:16:11","modified_gmt":"2019-01-04T15:16:11","slug":"las-dos-cta-y-camioneros-anunciaron-protestas-contra-el-tarifazo","status":"publish","type":"post","link":"https:\/\/www.actualidadadiario.com\/index.php\/2019\/01\/04\/las-dos-cta-y-camioneros-anunciaron-protestas-contra-el-tarifazo\/","title":{"rendered":"Las dos CTA y Camioneros anunciaron protestas contra el tarifazo"},"content":{"rendered":"<p><em><strong>Hugo Yasky, Pablo Micheli y Pablo Moyano anunciaron cuatro movilizaciones durante enero y acciones legales contra los tarifazos. El jueves 10 marchar\u00e1n hacia el Congreso para luego hacerlas en Rosario, Mar del Plata y Mendoza<\/strong><\/em><\/p>\n<p>&nbsp;<\/p>\n<p>&nbsp;<\/p>\n<p>&nbsp;<\/p>\n<p>Representantes de las dos CTA, el Frente Sindical para el Modelo Nacional y el resto de los sindicatos combativos anunciaron un plan de lucha contra el tarifazo que incluir\u00e1 cuatro movilizaciones en diferentes puntos del pa\u00eds y acciones legales para frenar los \u00faltimos aumentos anunciados por las secretar\u00edas de Energ\u00eda y de Transporte. \u201cEl Gobierno nos regal\u00f3 para fin de a\u00f1o este brutal aumento de tarifas que impacta sobre el poder adquisitivo de toda la poblaci\u00f3n pero m\u00e1s sobre jubilados y pymes\u201d, remarc\u00f3 Pablo Micheli, de la CTA Aut\u00f3noma, qui\u00e9n llam\u00f3 a \u201csacar la queja a la calle\u201d.<\/p>\n<p>&nbsp;<\/p>\n<p>La propuesta de los sindicatos fue planificar cuatro marchas \u201cde velas y antorchas\u201d en distintos puntos del pa\u00eds, que se realizar\u00e1n todos los jueves de enero. La primera ser\u00e1 el pr\u00f3ximo jueves 10, en la Ciudad de Buenos Aires, a las 18.30. Los manifestantes marchar\u00e1n desde la 9 de Julio y la Avenida de Mayo hasta el Congreso. \u201cEsta convocatoria est\u00e1 abierta a toda la ciudadan\u00eda para defender el derecho elemental a no tener que dejar de comer para pagar la tarifa\u201d, afirm\u00f3 Hugo Yasky, titular de la CTA de los Trabajadores.<\/p>\n<p>&nbsp;<\/p>\n<p>En el mismo sentido, Micheli llam\u00f3 a \u201cno dejar la queja en la casa\u201d ya que para cambiar el modelo econ\u00f3mico hace falta \u201cunidad y mucha acci\u00f3n en la calle\u201d. \u201cSaquemos la queja a la calle\u201d, pidi\u00f3. Las movilizaciones continuar\u00e1n el resto de los jueves de enero, siempre a las 18:30, pero en diferentes ciudades del pa\u00eds. El 17 se realizar\u00e1 en Rosario, el 24 en Mar del Palta y el 31 en Mendoza. De la conferencia de prensa participaron tambi\u00e9n la Corriente Sindical, la Multisectorial contra el Tarifazo de Buenos Aires y Rosario, la Confederaci\u00f3n Nacional de Trabajadores Cooperativizados y diferentes movimientos de jubilados.<\/p>\n<p>&nbsp;<\/p>\n<p>Sobre el reclamo judicial, Yasky aclar\u00f3 que presentar\u00e1n en conjunto entre todos los sindicatos dos acciones por esa v\u00eda. Una para cuestionar que los aumentos anunciados por el Gobierno \u201cviolan todas las leyes previstas para la actualizaci\u00f3n tarifaria\u201d, como la convocatoria a audiencia p\u00fablica, y otra para denunciar penalmente a los funcionarios responsables de las \u00e1reas de Energ\u00eda y Transporte.<\/p>\n<p>&nbsp;<\/p>\n<p>Los representantes gremiales remarcaron que arrancaron el a\u00f1o de la misma manera que termin\u00f3 el 2018, \u201cen el camino de la unidad de acci\u00f3n para enfrentar las pol\u00edticas de ajuste\u201d. Micheli insisti\u00f3 con la importancia del reclamo jur\u00eddico porque los aumentos \u201ctienen muchas aristas ilegales\u201d. \u201cLa impunidad los lleva a no cumplir con ninguno de los pasos que estipula la ley. No ha habido audiencia ni nada por el estilo\u201d, remarc\u00f3.<\/p>\n<p>&nbsp;<\/p>\n<p>\u201cRechazamos los impuestazos y tarifazos que el Gobierno no tuvo mejor idea que anunciar el 28 de diciembre cuando la gente estaba angustiada por la incertidumbre de si tendr\u00eda o no trabajo o si cobrar\u00eda o no el bono, que la mayor\u00eda no cobr\u00f3\u201d, se quej\u00f3 Pablo Moyano. El dirigente se comprometi\u00f3 desde su espacio a apoyar \u201ctoda iniciativa en defensa del salario de los trabajadores\u201d. Poco m\u00e1s tarde y durante una entrevista radial, el dirigente camionero asegur\u00f3 que trabaja para que se realice un paro general entre marzo y abril pr\u00f3ximo.<\/p>\n","protected":false},"excerpt":{"rendered":"<p>Hugo Yasky, Pablo Micheli y Pablo Moyano anunciaron cuatro movilizaciones durante enero y acciones legales contra los tarifazos. El jueves 10 marchar\u00e1n hacia el Congreso para luego hacerlas en Rosario, Mar del Plata y Mendoza &nbsp; &nbsp; &nbsp; Representantes de las dos CTA, el Frente Sindical para el Modelo Nacional y el resto de los sindicatos combativos anunciaron un plan de lucha contra el tarifazo que incluir\u00e1 cuatro movilizaciones en diferentes puntos del pa\u00eds y acciones legales para frenar los \u00faltimos aumentos anunciados por las secretar\u00edas de Energ\u00eda y de&#8230;<\/p>\n","protected":false},"author":3,"featured_media":38551,"comment_status":"closed","ping_status":"closed","sticky":false,"template":"","format":"standard","meta":[],"categories":[18],"tags":[],"_links":{"self":[{"href":"https:\/\/www.actualidadadiario.com\/index.php\/wp-json\/wp\/v2\/posts\/38550"}],"collection":[{"href":"https:\/\/www.actualidadadiario.com\/index.php\/wp-json\/wp\/v2\/posts"}],"about":[{"href":"https:\/\/www.actualidadadiario.com\/index.php\/wp-json\/wp\/v2\/types\/post"}],"author":[{"embeddable":true,"href":"https:\/\/www.actualidadadiario.com\/index.php\/wp-json\/wp\/v2\/users\/3"}],"replies":[{"embeddable":true,"href":"https:\/\/www.actualidadadiario.com\/index.php\/wp-json\/wp\/v2\/comments?post=38550"}],"version-history":[{"count":1,"href":"https:\/\/www.actualidadadiario.com\/index.php\/wp-json\/wp\/v2\/posts\/38550\/revisions"}],"predecessor-version":[{"id":38552,"href":"https:\/\/www.actualidadadiario.com\/index.php\/wp-json\/wp\/v2\/posts\/38550\/revisions\/38552"}],"wp:featuredmedia":[{"embeddable":true,"href":"https:\/\/www.actualidadadiario.com\/index.php\/wp-json\/wp\/v2\/media\/38551"}],"wp:attachment":[{"href":"https:\/\/www.actualidadadiario.com\/index.php\/wp-json\/wp\/v2\/media?parent=38550"}],"wp:term":[{"taxonomy":"category","embeddable":true,"href":"https:\/\/www.actualidadadiario.com\/index.php\/wp-json\/wp\/v2\/categories?post=38550"},{"taxonomy":"post_tag","embeddable":true,"href":"https:\/\/www.actualidadadiario.com\/index.php\/wp-json\/wp\/v2\/tags?post=38550"}],"curies":[{"name":"wp","href":"https:\/\/api.w.org\/{rel}","templated":true}]}}