{"id":38499,"date":"2019-01-02T12:56:39","date_gmt":"2019-01-02T15:56:39","guid":{"rendered":"https:\/\/www.actualidadadiario.com\/?p=38499"},"modified":"2019-05-06T20:57:37","modified_gmt":"2019-05-06T23:57:37","slug":"quien-es-alessandro-gisotti-el-nuevo-vocero-del-papa-francisco","status":"publish","type":"post","link":"https:\/\/www.actualidadadiario.com\/index.php\/2019\/01\/02\/quien-es-alessandro-gisotti-el-nuevo-vocero-del-papa-francisco\/","title":{"rendered":"\u00bfQui\u00e9n es Alessandro Gisotti, el nuevo vocero del papa Francisco?"},"content":{"rendered":"<p><em><strong>Es romano, ultra cat\u00f3lico, licenciado en Ciencias Pol\u00edticas y autor de varios libros. Sin manchas en su vida profesional o personal. Y muy cercano al Pont\u00edfice<\/strong><\/em><\/p>\n<p>&nbsp;<\/p>\n<p>&nbsp;<\/p>\n<p>&nbsp;<\/p>\n<p>Ante las sorpresivas renuncias del Director y la Vice directora de la Oficina de Prensa de la Santa Sede, Greg Burke y Paloma Garc\u00eda Ovejero, el papa Francisco nombr\u00f3 como su vocero, de manera interina (aunque algunos ya hipotetizan que quedar\u00e1 definitivamente en el puesto) a Alessandro Gisotti.<\/p>\n<p>&nbsp;<\/p>\n<p>Romano doc, nacido hace 44 a\u00f1os en la capital italiana, casado y con dos hijos, se licenci\u00f3 en Ciencias Pol\u00edticas en la antiqu\u00edsima Universidad de La Sapienza en 1999. Ser egresado de la universidad romana, la mayor de Europa y fundada en 1303 por el papa Bonifacio VIII, ya es una medalla en el pecho.<\/p>\n<p>&nbsp;<\/p>\n<p>Gisotti es periodista profesional desde 2004 y despu\u00e9s de una experiencia en la Oficina de Informaci\u00f3n de las Naciones Unidas en Roma comenz\u00f3 a trabajar como editor en Radio Vaticana en el a\u00f1o 2000.<\/p>\n<p>&nbsp;<\/p>\n<p>De 2011 a 2016 fue vice jefe de redacci\u00f3n de la emisora papal. Ha seguido las actividades de los \u00faltimos tres Pont\u00edfices en Roma y en varios viajes apost\u00f3licos internacionales y en Italia. Desde 2017 era el Coordinador de las Redes Sociales del Dicasterio para la Comunicaci\u00f3n de la Santa Sede.<\/p>\n<p>&nbsp;<\/p>\n<p>Periodismo, ense\u00f1anza y catolicismo son los tres ejes cardinales de Gisotti. Ha ense\u00f1ado periodismo en el Instituto M\u00e1ximo de los Jesuitas de Roma (otro punto de encuentro con Francisco) y Teor\u00edas y T\u00e9cnicas de Periodismo en la Pontificia Universidad Lateranense. Ha escrito varios art\u00edculos y ensayos sobre la comunicaci\u00f3n eclesial, en particular el volumen \u201cEl dec\u00e1logo del buen comunicador seg\u00fan el Papa Francisco\u201d, publicado en 2016 con prefacio del Cardenal Luis Antonio Tagle.<\/p>\n<p>&nbsp;<\/p>\n<p>Gisotti es la persona que sigui\u00f3 cotidianamente la actividad del Papa Francisco desde su asunci\u00f3n, y en premio a ello, en octubre del 2018 fue parte de la Comisi\u00f3n para la Informaci\u00f3n del S\u00ednodo sobre los j\u00f3venes.<\/p>\n<p>&nbsp;<\/p>\n<p>Hasta que el 31 de diciembre, apenas dos d\u00edas atr\u00e1s y casi como regalo del a\u00f1o nuevo, lleg\u00f3 al m\u00e1s alto cargo de prensa de la Santa Sede.<\/p>\n<p>&nbsp;<\/p>\n<p>Nadie puede dudar de su fe cat\u00f3lica. Es el docente encargado de Teor\u00edas y T\u00e9cnicas del Periodismo en el Instituto Pastoral Redemptor Hominis de la Pontificia Universidad Lateranense.<\/p>\n<p>&nbsp;<\/p>\n<p>Cuando estaba en la Radio Vaticana se encargaba de comunicar las misas diarias que el Papa argentino realizaba en Casa Santa Marta, donde el Pont\u00edfice vive. Eso le permiti\u00f3 recoger en dos vol\u00famenes, \u201cLa Verdad es un encuentro\u201d y \u201cLa felicidad se aprende cada d\u00eda\u201d, todas las alocuciones del Papa.<\/p>\n<p>&nbsp;<\/p>\n<p>En el Instituto M\u00e1ximo de los Jesuitas de Roma entrevist\u00f3 a personalidades como Mijail Gorbachov, Al Gore, Lech Wa\u0142\u0119sa, Adolfo P\u00e9rez Esquivel y Ban Ki-moon.<\/p>\n<p>&nbsp;<\/p>\n<p>El Papa ya le hab\u00eda dado una tarea de brillo cuando el 7 de mayo del 2016 fue el relator principal en el Jubileo de los Periodistas. All\u00ed, Gisotti dio a conocer su &#8220;Dec\u00e1logo del Buen Comunicador&#8221;.<\/p>\n<p>&nbsp;<\/p>\n<p>Escribir es uno de sus hobbys y tambi\u00e9n fuente de ingresos. Entre sus libros figuran: \u201cDios y Obama. Fe y pol\u00edtica en la Casa Blanca&#8221;, &#8220;11 de septiembre, una historia que contin\u00faa&#8221; y &#8220;Los lenguajes de Papa Francisco&#8221;.<\/p>\n<p>&nbsp;<\/p>\n<p>Al d\u00eda de hoy, Alessandro Gisotti exhib\u00eda dos m\u00e9ritos: era uno de los hombres de punta del periodismo cat\u00f3lico y no ten\u00eda manchas en su vida profesional o privada.<\/p>\n<p>&nbsp;<\/p>\n<p>No bien fue informado de su nuevo cargo, Gisotti especific\u00f3: &#8220;tratar\u00e9 de cumplir el encargo que me ha sido confiado usando mis capacidades al m\u00e1ximo con aquel esp\u00edritu de servicio a la Iglesia y al Papa que tuve el privilegio de aprender estando al lado de padre Federico Lombardi (famoso ex vocero vaticano) por casi 20 a\u00f1os&#8221;.<\/p>\n<p>&nbsp;<\/p>\n<p>En Vaticano hay dos opiniones sobre el futuro de Gisotti. Una corriente dice que su cargo ser\u00e1 provisorio y el Papa nombrar\u00e1 a un personaje de espesor mundial para ocupar el cargo de vocero. Mientras tanto Gisotti tendr\u00e1 trabajo y mucho. Arriba el viaje del Pont\u00edfice a Panam\u00e1 para las Jornadas Mundiales de la Juventud, otro\u00a0 viaje, este muy delicado, a los Emiratos \u00c1rabes Unidos, otro no menos complicado a Marruecos, y la reuni\u00f3n crucial de febrero pr\u00f3ximo en Roma, cuando llegar\u00e1n los presidentes de las conferencias episcopales de todo el mundo para tratar con Francisco la emergencia de los abusos sexuales en la Iglesia.<\/p>\n<p>&nbsp;<\/p>\n<p>Todos estos viajes y reuniones de alto nivel hacen pensar a la otra corriente de opinionistas que Gisotti ha llegado para quedarse de manera definitiva con el cargo de vocero.<\/p>\n<p>&nbsp;<\/p>\n<p>Una carrera fulgurante para llegar a un cargo que a Gisotti lo pone m\u00e1s cerca de Dios. No hay que olvidar que los Papas son los representantes\u00a0 de Dios en la Tierra.<\/p>\n","protected":false},"excerpt":{"rendered":"<p>Es romano, ultra cat\u00f3lico, licenciado en Ciencias Pol\u00edticas y autor de varios libros. Sin manchas en su vida profesional o personal. Y muy cercano al Pont\u00edfice &nbsp; &nbsp; &nbsp; Ante las sorpresivas renuncias del Director y la Vice directora de la Oficina de Prensa de la Santa Sede, Greg Burke y Paloma Garc\u00eda Ovejero, el papa Francisco nombr\u00f3 como su vocero, de manera interina (aunque algunos ya hipotetizan que quedar\u00e1 definitivamente en el puesto) a Alessandro Gisotti. &nbsp; Romano doc, nacido hace 44 a\u00f1os en la capital italiana, casado y&#8230;<\/p>\n","protected":false},"author":3,"featured_media":38500,"comment_status":"closed","ping_status":"closed","sticky":false,"template":"","format":"standard","meta":[],"categories":[4],"tags":[],"_links":{"self":[{"href":"https:\/\/www.actualidadadiario.com\/index.php\/wp-json\/wp\/v2\/posts\/38499"}],"collection":[{"href":"https:\/\/www.actualidadadiario.com\/index.php\/wp-json\/wp\/v2\/posts"}],"about":[{"href":"https:\/\/www.actualidadadiario.com\/index.php\/wp-json\/wp\/v2\/types\/post"}],"author":[{"embeddable":true,"href":"https:\/\/www.actualidadadiario.com\/index.php\/wp-json\/wp\/v2\/users\/3"}],"replies":[{"embeddable":true,"href":"https:\/\/www.actualidadadiario.com\/index.php\/wp-json\/wp\/v2\/comments?post=38499"}],"version-history":[{"count":1,"href":"https:\/\/www.actualidadadiario.com\/index.php\/wp-json\/wp\/v2\/posts\/38499\/revisions"}],"predecessor-version":[{"id":38501,"href":"https:\/\/www.actualidadadiario.com\/index.php\/wp-json\/wp\/v2\/posts\/38499\/revisions\/38501"}],"wp:featuredmedia":[{"embeddable":true,"href":"https:\/\/www.actualidadadiario.com\/index.php\/wp-json\/wp\/v2\/media\/38500"}],"wp:attachment":[{"href":"https:\/\/www.actualidadadiario.com\/index.php\/wp-json\/wp\/v2\/media?parent=38499"}],"wp:term":[{"taxonomy":"category","embeddable":true,"href":"https:\/\/www.actualidadadiario.com\/index.php\/wp-json\/wp\/v2\/categories?post=38499"},{"taxonomy":"post_tag","embeddable":true,"href":"https:\/\/www.actualidadadiario.com\/index.php\/wp-json\/wp\/v2\/tags?post=38499"}],"curies":[{"name":"wp","href":"https:\/\/api.w.org\/{rel}","templated":true}]}}