{"id":38493,"date":"2019-01-02T12:55:22","date_gmt":"2019-01-02T15:55:22","guid":{"rendered":"https:\/\/www.actualidadadiario.com\/?p=38493"},"modified":"2019-01-02T12:55:22","modified_gmt":"2019-01-02T15:55:22","slug":"militares-una-pastora-un-astronauta-un-filosofo-asi-es-el-gabinete-de-bolsonaro","status":"publish","type":"post","link":"https:\/\/www.actualidadadiario.com\/index.php\/2019\/01\/02\/militares-una-pastora-un-astronauta-un-filosofo-asi-es-el-gabinete-de-bolsonaro\/","title":{"rendered":"Militares, una pastora, un astronauta, un fil\u00f3sofo: as\u00ed es el Gabinete de Bolsonaro"},"content":{"rendered":"<p><em><strong>Luego de su discurso de asunci\u00f3n, el presidente de Brasil oficializ\u00f3 a los 22 funcionarios que lo acompa\u00f1ar\u00e1n en su gesti\u00f3n<\/strong><\/em><\/p>\n<p>&nbsp;<\/p>\n<p>&nbsp;<\/p>\n<p>&nbsp;<\/p>\n<p>El nuevo presidente de Brasil, Jair Bolsonaro, asumi\u00f3 como mandatario y, luego de su primer discurso, oficializ\u00f3 a los 22 ministros que ya conforman su Gabinete. Sergio Moro, el ex juez que fue protagonista de la mayor investigaci\u00f3n contra la corrupci\u00f3n de Brasil con el caso Lava Jato y que hace un a\u00f1o y medio conden\u00f3 a prisi\u00f3n al ex presidente Luiz In\u00e1cio Lula da Silva, asumi\u00f3 al frente del Ministerio de Justicia del nuevo Gobierno.<\/p>\n<p>&nbsp;<\/p>\n<p>Entre los miembros del Gabinete, predominan los hombres, hay s\u00f3lo dos mujeres, y se destaca la gran cantidad de militares con cinco miembros de las Fuerzas Armadas, adem\u00e1s del vicepresidente el general de la reserva Hamilton Mourao. Asimismo, entre los funcionarios llaman la atenci\u00f3n una pastora evangelista y un economista de la Escuela de Chicago que tendr\u00e1 poderes especiales para comandar la econom\u00eda.<\/p>\n<p>&nbsp;<\/p>\n<p>Por su parte, Sergio Moro ,tras haber declarado a un influyente rotativo brasile\u00f1o que &#8220;jam\u00e1s entrar\u00eda en pol\u00edtica&#8221;, accedi\u00f3 al llamamiento del presidente impulsado por su &#8220;deseo&#8221; de &#8220;implementar&#8221; una agenda de lucha contra la corrupci\u00f3n, el crimen organizado y la violencia.<\/p>\n<p>&nbsp;<\/p>\n<p>El magistrado, quien se convirti\u00f3 en el rostro y s\u00edmbolo de la lucha anticorrupci\u00f3n en Brasil, se alz\u00f3 a la fama nacional al mandar a la c\u00e1rcel a diversos empresarios e influyentes pol\u00edticos, entre ellos Luiz In\u00e1cio Lula da Silva.<\/p>\n<p>&nbsp;<\/p>\n<p>El juez federal fren\u00f3 la corrupci\u00f3n en la petrolera estatal Petrobras, una tarea por la que se gan\u00f3 la admiraci\u00f3n de unos y las cr\u00edticas de otros. Algunos de sus detractores m\u00e1s severos, muchos partidarios del exmandatario encarcelado, insisten en que Lula sufri\u00f3 una &#8220;persecuci\u00f3n&#8221; por parte de Moro y que, al aceptar la cartera ministerial, el juez evidenci\u00f3 su &#8220;p\u00e9rdida de la imparcialidad&#8221;.<\/p>\n<p>&nbsp;<\/p>\n<p>Desde el inicio de la Lava Jato, Moro tuvo a Lula en la mira y, a medida en que se conoc\u00eda la dimensi\u00f3n de la trama corrupta, no dud\u00f3 en ordenar su detenci\u00f3n para conducirlo a declarar ni en divulgar comprometidas conversaciones telef\u00f3nicas privadas de la entonces presidenta Dilma Rousseff.<\/p>\n<p>&nbsp;<\/p>\n<p>El &#8220;juez estrella&#8221; de Brasil naci\u00f3 en Maring\u00e1, en el sure\u00f1o estado de Paran\u00e1, en una familia de clase media, estudi\u00f3 derecho en su ciudad natal y se especializ\u00f3 en el combate al lavado de dinero en un programa de Harvard.<\/p>\n<p>&nbsp;<\/p>\n<p>Moro recibi\u00f3 duras cr\u00edticas al aceptar entrar en el Gobierno de Bolsonaro, uno de los principales detractores pol\u00edticos de Lula, y, al ser cuestionado sobre el historial de declaraciones machistas, hom\u00f3fobas y mis\u00f3ginas del ultraderechista, afirm\u00f3 que &#8220;nunca entrar\u00eda en un Gobierno que adoptase pol\u00edticas de discriminaci\u00f3n&#8221;. &#8220;La exposici\u00f3n y el castigo de la corrupci\u00f3n p\u00fablica es un honor para una naci\u00f3n, no una desgracia&#8221;, resumi\u00f3 en una ocasi\u00f3n.<\/p>\n<p>&nbsp;<\/p>\n<p>&nbsp;<\/p>\n<p><strong>Los otros 21 ministros del Gobierno de Bolsonaro<\/strong><\/p>\n<p><strong>&#8211; Presidencia <\/strong><\/p>\n<p><strong>Onyx Lorenzoni.<\/strong> Diputado del partido Dem\u00f3cratas (DEM). Ocupaba un esca\u00f1o en la C\u00e1mara Baja desde 2003, es reconocido como un ferviente anticomunista y ser\u00e1 una suerte de articulador pol\u00edtico del Gobierno en un cargo que controla todos los resortes del poder.<\/p>\n<p>&nbsp;<\/p>\n<p><strong>&#8211; Secretar\u00eda General de la Presidencia <\/strong><\/p>\n<p><strong>Gustavo Bebianno.<\/strong> Abogado y presidente del Partido Social Liberal (PSL), del que Bolsonaro fue candidato presidencial. Ser\u00e1 uno de los hombres m\u00e1s cercanos al presidente.<\/p>\n<p>&nbsp;<\/p>\n<p><strong>&#8211; Secretar\u00eda de Gobierno General <\/strong><\/p>\n<p><strong>Carlos Alberto dos Santos Cruz.<\/strong> Particip\u00f3 en misiones de paz en Hait\u00ed y en el Congo. Tambi\u00e9n fue secretario de Seguridad P\u00fablica en el Ministerio de Justicia durante el Gobierno de Michel Temer.<\/p>\n<p>&nbsp;<\/p>\n<p><strong>&#8211; Gabinete de Seguridad Institucional General <\/strong><\/p>\n<p><strong>Augusto Heleno Ribeiro.<\/strong> En la reserva desde 2011, comand\u00f3 la misi\u00f3n de paz de la ONU en Hait\u00ed, fue responsable militar de la Amazon\u00eda brasile\u00f1a.<\/p>\n<p>&nbsp;<\/p>\n<p><strong>&#8211; Relaciones Exteriores <\/strong><\/p>\n<p><strong>Ernesto Ara\u00fajo.<\/strong> Diplom\u00e1tico de carrera. Desde 2016 dirigi\u00f3 el Departamento de Asuntos Interamericanos de la Canciller\u00eda. Se dice admirador de Donald Trump, adversario del globalismo y el marxismo y ha anunciado que desde ese cargo combatir\u00e1 el &#8220;alarmismo clim\u00e1tico&#8221;.<\/p>\n<p>&nbsp;<\/p>\n<p><strong>&#8211; Defensa General <\/strong><\/p>\n<p><strong>Fernando Azevedo e Silva.<\/strong> Pas\u00f3 a la reserva este mismo a\u00f1o. Fue jefe del Estado Mayor del Ej\u00e9rcito y comandante de la Brigada Paracaidista. Un cargo clave en un Gobierno c\u00edvico-militar.<\/p>\n<p>&nbsp;<\/p>\n<p><strong>&#8211; Econom\u00eda <\/strong><\/p>\n<p><strong>Paulo Guedes.<\/strong> Economista alineado al ideario neoliberal de Milton Friedman y formado en la Escuela de Chicago. Su ministerio englobar\u00e1 funciones hasta ahora divididas entre las carteras de Planificaci\u00f3n e Industria y Comercio. Propone un plan basado en privatizaciones, descentralizaci\u00f3n y m\u00e1s ajustes fiscales.<\/p>\n<p>&nbsp;<\/p>\n<p><strong>&#8211; Banco Central <\/strong><\/p>\n<p><strong>Roberto Campos Neto.<\/strong> Economista. Tambi\u00e9n estudi\u00f3 en la Escuela de Chicago y hasta noviembre de este a\u00f1o ocupaba un puesto en la junta directiva de la filial brasile\u00f1a del Banco Santander.<\/p>\n<p>&nbsp;<\/p>\n<p><strong>&#8211; Agricultura <\/strong><\/p>\n<p><strong>Tereza Cristina Correa.<\/strong> Diputada del partido Dem\u00f3cratas. Presid\u00eda un grupo suprapartidario que defiende los intereses de los grandes propietarios rurales en la C\u00e1mara Baja.<\/p>\n<p>&nbsp;<\/p>\n<p><strong>&#8211; Infraestructura <\/strong><\/p>\n<p><strong>Tarcisio Gomes de Freitas.<\/strong> Ingeniero civil graduado en el Instituto Militar de Ingenier\u00eda. Su cartera fusionar\u00e1 los actuales ministerios de Transportes, Puertos y Aeropuertos y Aviaci\u00f3n Civil.<\/p>\n<p>&nbsp;<\/p>\n<p><strong>&#8211; Minas y Energ\u00eda <\/strong><\/p>\n<p><strong>Almirante Bento Costa Lima Leite de Albunqueque.<\/strong> Fue director de Desarrollo Nuclear y Tecnol\u00f3gico de la Marina, observador de Brasil en las Fuerzas de Paz de la ONU en Sarajevo y dirigi\u00f3 la Secretar\u00eda de la Junta Interamericana de Defensa, entre otros cargos.<\/p>\n<p>&nbsp;<\/p>\n<p><strong>&#8211; Ciencia y Tecnolog\u00eda <\/strong><\/p>\n<p><strong>Marcos Pontes.<\/strong> Teniente coronel de la Fuerza A\u00e9rea, funcionario de la Agencia Espacial Brasile\u00f1a y \u00fanico brasile\u00f1o que viaj\u00f3 al espacio. Fue en 2006, cuando integr\u00f3 una misi\u00f3n de la NASA a la Estaci\u00f3n Espacial Internacional, a bordo de un Soyuz TMA-8.<\/p>\n<p>&nbsp;<\/p>\n<p><strong>&#8211; Desarrollo Regional <\/strong><\/p>\n<p><strong>Gustavo Canuto.<\/strong> Funcionario de carrera de la administraci\u00f3n p\u00fablica, especializado en Gesti\u00f3n Gubernamental. El Ministerio de Desarrollo Regional asumir\u00e1 las responsabilidades que hasta ahora se divid\u00edan entre las carteras de Integraci\u00f3n y Ciudades.<\/p>\n<p>&nbsp;<\/p>\n<p><strong>&#8211; Medio Ambiente <\/strong><\/p>\n<p><strong>Ricardo Salles.<\/strong> Abogado vinculado al grupo Endireita Brasil, una organizaci\u00f3n civil que promueve valores ultraconservadores. Fue secretario de Medio Ambiente en el gobierno regional de Sao Paulo.<\/p>\n<p>&nbsp;<\/p>\n<p><strong>&#8211; Salud <\/strong><\/p>\n<p><strong>Luiz Mandetta.<\/strong> Ortopedista y pediatra. Diputado del partido Dem\u00f3cratas desde 2011. Fue m\u00e9dico del Hospital General del Ej\u00e9rcito, con el grado de teniente.<\/p>\n<p>&nbsp;<\/p>\n<p><strong>&#8211; Turismo <\/strong><\/p>\n<p><strong>Marcelo \u00c1lvaro Antonio.<\/strong> Diputado del Partido Social Liberal, sin mayor trayectoria en la pol\u00edtica, en la que comenz\u00f3 en 2012, como concejal de la ciudad de Belo Horizonte.<\/p>\n<p>&nbsp;<\/p>\n<p><strong>&#8211; Educaci\u00f3n <\/strong><\/p>\n<p><strong>Ricardo V\u00e9lez Rodr\u00edguez.<\/strong> El &#8220;extranjero&#8221; del Gobierno, naci\u00f3 en Colombia y se afinc\u00f3 en Brasil en 1979. Es fil\u00f3sofo y profesor em\u00e9rito de la Escuela de Estado Mayor del Ej\u00e9rcito brasile\u00f1o.<\/p>\n<p>&nbsp;<\/p>\n<p><strong>&#8211; Ciudadan\u00eda y Acci\u00f3n Social <\/strong><\/p>\n<p><strong>Osmar Terra.<\/strong> Diputado del Movimiento Democr\u00e1tico Brasile\u00f1o (MDB), partido liderado por Temer. Su cartera englobar\u00e1 las funciones ahora divididas entre tres ministerios que desaparecen: Desarrollo Social, Deporte y Cultura.<\/p>\n<p>&nbsp;<\/p>\n<p><strong>&#8211; Mujer, Familia y Derechos Humanos <\/strong><\/p>\n<p><strong>Damares Alves.<\/strong> Pastora evangelista de talante conservador. Hasta ahora era asesora de un frente parlamentario evangelista.<\/p>\n<p>&nbsp;<\/p>\n<p><strong>&#8211; Abogac\u00eda General del Estado <\/strong><\/p>\n<p><strong>Andr\u00e9 Luiz de Almeida Mendon\u00e7a.<\/strong> Abogado, cuadro t\u00e9cnico de la administraci\u00f3n p\u00fablica. Era consultor jur\u00eddico de la Contralor\u00eda General en el Gobierno de Michel Temer.<\/p>\n<p>&nbsp;<\/p>\n<p><strong>&#8211; Contralor\u00eda General <\/strong><\/p>\n<p><strong>Wagner Rosario.<\/strong> Abogado con estudios de posgrado en combate a la corrupci\u00f3n y Estado de Derecho, que tambi\u00e9n lleg\u00f3 a ser capit\u00e1n del Ej\u00e9rcito. Sigue en el cargo que ocupa en el Gobierno de Temer.<\/p>\n","protected":false},"excerpt":{"rendered":"<p>Luego de su discurso de asunci\u00f3n, el presidente de Brasil oficializ\u00f3 a los 22 funcionarios que lo acompa\u00f1ar\u00e1n en su gesti\u00f3n &nbsp; &nbsp; &nbsp; El nuevo presidente de Brasil, Jair Bolsonaro, asumi\u00f3 como mandatario y, luego de su primer discurso, oficializ\u00f3 a los 22 ministros que ya conforman su Gabinete. Sergio Moro, el ex juez que fue protagonista de la mayor investigaci\u00f3n contra la corrupci\u00f3n de Brasil con el caso Lava Jato y que hace un a\u00f1o y medio conden\u00f3 a prisi\u00f3n al ex presidente Luiz In\u00e1cio Lula da Silva,&#8230;<\/p>\n","protected":false},"author":3,"featured_media":38494,"comment_status":"closed","ping_status":"closed","sticky":false,"template":"","format":"standard","meta":[],"categories":[4],"tags":[],"_links":{"self":[{"href":"https:\/\/www.actualidadadiario.com\/index.php\/wp-json\/wp\/v2\/posts\/38493"}],"collection":[{"href":"https:\/\/www.actualidadadiario.com\/index.php\/wp-json\/wp\/v2\/posts"}],"about":[{"href":"https:\/\/www.actualidadadiario.com\/index.php\/wp-json\/wp\/v2\/types\/post"}],"author":[{"embeddable":true,"href":"https:\/\/www.actualidadadiario.com\/index.php\/wp-json\/wp\/v2\/users\/3"}],"replies":[{"embeddable":true,"href":"https:\/\/www.actualidadadiario.com\/index.php\/wp-json\/wp\/v2\/comments?post=38493"}],"version-history":[{"count":1,"href":"https:\/\/www.actualidadadiario.com\/index.php\/wp-json\/wp\/v2\/posts\/38493\/revisions"}],"predecessor-version":[{"id":38495,"href":"https:\/\/www.actualidadadiario.com\/index.php\/wp-json\/wp\/v2\/posts\/38493\/revisions\/38495"}],"wp:featuredmedia":[{"embeddable":true,"href":"https:\/\/www.actualidadadiario.com\/index.php\/wp-json\/wp\/v2\/media\/38494"}],"wp:attachment":[{"href":"https:\/\/www.actualidadadiario.com\/index.php\/wp-json\/wp\/v2\/media?parent=38493"}],"wp:term":[{"taxonomy":"category","embeddable":true,"href":"https:\/\/www.actualidadadiario.com\/index.php\/wp-json\/wp\/v2\/categories?post=38493"},{"taxonomy":"post_tag","embeddable":true,"href":"https:\/\/www.actualidadadiario.com\/index.php\/wp-json\/wp\/v2\/tags?post=38493"}],"curies":[{"name":"wp","href":"https:\/\/api.w.org\/{rel}","templated":true}]}}