{"id":38490,"date":"2019-01-02T12:54:37","date_gmt":"2019-01-02T15:54:37","guid":{"rendered":"https:\/\/www.actualidadadiario.com\/?p=38490"},"modified":"2019-01-02T12:54:37","modified_gmt":"2019-01-02T15:54:37","slug":"asumio-bolsonaro-y-prometio-terminar-con-la-corrupcion-y-realizar-reformas-estructurales","status":"publish","type":"post","link":"https:\/\/www.actualidadadiario.com\/index.php\/2019\/01\/02\/asumio-bolsonaro-y-prometio-terminar-con-la-corrupcion-y-realizar-reformas-estructurales\/","title":{"rendered":"Asumi\u00f3 Bolsonaro y prometi\u00f3 terminar con la corrupci\u00f3n y realizar reformas estructurales"},"content":{"rendered":"<p><em><strong>El presidente de Brasil propuso un pacto entre sociedad y poderes del Estado<\/strong><\/em><\/p>\n<p>&nbsp;<\/p>\n<p>&nbsp;<\/p>\n<p>&nbsp;<\/p>\n<p>&nbsp;<\/p>\n<p>&nbsp;<\/p>\n<p>El nuevo presidente de Brasil, Jair Bolsonaro, prometi\u00f3 en su discurso de investidura liberar al pa\u00eds &#8220;definitivamente de la corrupci\u00f3n&#8221; y de los males que &#8220;lo sumieron en la mayor crisis \u00e9tica y moral de su historia&#8221;.<\/p>\n<p>&nbsp;<\/p>\n<p>&#8220;Convoco a cada uno de los congresistas a ayudarme en la misi\u00f3n de restaurar y volver a erguir a nuestra patria, liber\u00e1ndola definitivamente del yugo de la corrupci\u00f3n, la criminalidad, la irresponsabilidad econ\u00f3mica y la sumisi\u00f3n ideol\u00f3gica&#8221;, proclam\u00f3 ante el Congreso el ex militar, de 63 a\u00f1os, convertido en el 38\u00ba presidente del socio mayor del Mercosur.<\/p>\n<p>&nbsp;<\/p>\n<p>Bolsonaro propuso un &#8220;pacto nacional entre la sociedad y los poderes Ejecutivo, Legislativo y Judicial&#8221; para cumplir con un programa de gobierno que aparece como conservador en lo social, y liberal en lo econ\u00f3mico.<\/p>\n<p>&nbsp;<\/p>\n<p>&#8220;Vamos a unir al pueblo, a valorar la familia, respetar las religiones y nuestras tradiciones judeo-cristianas, combatir la ideolog\u00eda de g\u00e9nero, conservando nuestros valores&#8221;, proclam\u00f3 el ex militar, que agreg\u00f3 que &#8221; Brasil volver\u00e1 a ser un pa\u00eds libre de amarras ideol\u00f3gicas&#8221;.<\/p>\n<p>&nbsp;<\/p>\n<p>Bolsonaro, capit\u00e1n de la reserva del Ej\u00e9rcito que gan\u00f3 las elecciones del pasado octubre con un 55% de los votos, afirm\u00f3 igualmente en su discurso tras jurar el cargo ante el Congreso que su Gobierno pondr\u00e1 fin a &#8220;pr\u00e1cticas nefastas&#8221; que condujeron a Brasil a la mayor crisis \u00e9tica y moral de su historia.<\/p>\n<p>&nbsp;<\/p>\n<p>&#8220;Hoy comenzamos un trabajo arduo para que Brasil inicie un nuevo cap\u00edtulo en su historia&#8221;, asegur\u00f3 el flamante mandatario.<\/p>\n<p>&nbsp;<\/p>\n<p>Igualmente el reci\u00e9n investido presidente se\u00f1al\u00f3 en su discurso que &#8220;promoveremos reformas estructurales que ser\u00e1n importantes para la sustentabilidad de las cuentas p\u00fablicas&#8221;.<\/p>\n<p>&nbsp;<\/p>\n<p>El nuevo jefe de Estado de Brasil ha defendido en m\u00e1s de una ocasi\u00f3n una profunda reforma al r\u00e9gimen de jubilaciones y pensiones, actualmente deficitario y que, seg\u00fan economistas, puede entrar en colapso en los pr\u00f3ximos a\u00f1os. El tambi\u00e9n capit\u00e1n en la reserva del Ej\u00e9rcito brasile\u00f1o dijo igualmente que, para sanear las cuentas, su Gobierno no gastar\u00e1 m\u00e1s de lo que recauda, pero que, aun as\u00ed, cumplir\u00e1 todos los contratos.<\/p>\n<p>&nbsp;<\/p>\n<p>Tambi\u00e9n sobre econom\u00eda, Bolsonaro afirm\u00f3 que el sector agropecuario, uno de los m\u00e1s importantes de Brasil y responsable por gran parte de las exportaciones brasile\u00f1as, tendr\u00e1 un papel decisivo en su Gobierno. En este sentido, aclar\u00f3 que apoyar\u00e1 a los productores rurales pero &#8220;en consonancia con la preservaci\u00f3n ambiental&#8221;.<\/p>\n","protected":false},"excerpt":{"rendered":"<p>El presidente de Brasil propuso un pacto entre sociedad y poderes del Estado &nbsp; &nbsp; &nbsp; &nbsp; &nbsp; El nuevo presidente de Brasil, Jair Bolsonaro, prometi\u00f3 en su discurso de investidura liberar al pa\u00eds &#8220;definitivamente de la corrupci\u00f3n&#8221; y de los males que &#8220;lo sumieron en la mayor crisis \u00e9tica y moral de su historia&#8221;. &nbsp; &#8220;Convoco a cada uno de los congresistas a ayudarme en la misi\u00f3n de restaurar y volver a erguir a nuestra patria, liber\u00e1ndola definitivamente del yugo de la corrupci\u00f3n, la criminalidad, la irresponsabilidad econ\u00f3mica y&#8230;<\/p>\n","protected":false},"author":3,"featured_media":38491,"comment_status":"closed","ping_status":"closed","sticky":false,"template":"","format":"standard","meta":[],"categories":[4],"tags":[],"_links":{"self":[{"href":"https:\/\/www.actualidadadiario.com\/index.php\/wp-json\/wp\/v2\/posts\/38490"}],"collection":[{"href":"https:\/\/www.actualidadadiario.com\/index.php\/wp-json\/wp\/v2\/posts"}],"about":[{"href":"https:\/\/www.actualidadadiario.com\/index.php\/wp-json\/wp\/v2\/types\/post"}],"author":[{"embeddable":true,"href":"https:\/\/www.actualidadadiario.com\/index.php\/wp-json\/wp\/v2\/users\/3"}],"replies":[{"embeddable":true,"href":"https:\/\/www.actualidadadiario.com\/index.php\/wp-json\/wp\/v2\/comments?post=38490"}],"version-history":[{"count":1,"href":"https:\/\/www.actualidadadiario.com\/index.php\/wp-json\/wp\/v2\/posts\/38490\/revisions"}],"predecessor-version":[{"id":38492,"href":"https:\/\/www.actualidadadiario.com\/index.php\/wp-json\/wp\/v2\/posts\/38490\/revisions\/38492"}],"wp:featuredmedia":[{"embeddable":true,"href":"https:\/\/www.actualidadadiario.com\/index.php\/wp-json\/wp\/v2\/media\/38491"}],"wp:attachment":[{"href":"https:\/\/www.actualidadadiario.com\/index.php\/wp-json\/wp\/v2\/media?parent=38490"}],"wp:term":[{"taxonomy":"category","embeddable":true,"href":"https:\/\/www.actualidadadiario.com\/index.php\/wp-json\/wp\/v2\/categories?post=38490"},{"taxonomy":"post_tag","embeddable":true,"href":"https:\/\/www.actualidadadiario.com\/index.php\/wp-json\/wp\/v2\/tags?post=38490"}],"curies":[{"name":"wp","href":"https:\/\/api.w.org\/{rel}","templated":true}]}}