{"id":38484,"date":"2019-01-02T12:52:34","date_gmt":"2019-01-02T15:52:34","guid":{"rendered":"https:\/\/www.actualidadadiario.com\/?p=38484"},"modified":"2019-01-02T12:52:34","modified_gmt":"2019-01-02T15:52:34","slug":"oficializan-los-aumentos-salariales-de-macri-y-sus-ministros","status":"publish","type":"post","link":"https:\/\/www.actualidadadiario.com\/index.php\/2019\/01\/02\/oficializan-los-aumentos-salariales-de-macri-y-sus-ministros\/","title":{"rendered":"Oficializan los aumentos salariales de Macri y sus ministros"},"content":{"rendered":"<p><em><strong>El decreto que establece la autorizaci\u00f3n para que autoridades superiores del Poder Ejecutivo, incluido el presidente Mauricio Macri, puedan percibir aumentos en sus remuneraciones, fue publicado hoy<\/strong><\/em><\/p>\n<p>&nbsp;<\/p>\n<p>&nbsp;<\/p>\n<p>&nbsp;<\/p>\n<p>La medida establece que los incrementos ser\u00e1n percibidos entre los meses de enero y febrero de acuerdo a la categor\u00eda del funcionario y la zona donde desempe\u00f1a sus tareas.<\/p>\n<p>&nbsp;<\/p>\n<p>El decreto, con el n\u00famero 1198\/2018, lleva la firma del presidente Mauricio Macri; el jefe de Gabinete Marcos Pe\u00f1a; y el ministro de Hacienda, Nicol\u00e1s Dujovne.<\/p>\n<p>&nbsp;<\/p>\n<p>Tambi\u00e9n fueron modificados el valor del m\u00f3dulo b\u00e1sico del r\u00e9gimen retributivo para el personal de la Administraci\u00f3n Nacional de Aviaci\u00f3n Civil; la retribuci\u00f3n mensual correspondiente a los cargos de rector, regente, y ayudante de trabajos pr\u00e1cticos de la Escuela Nacional de Bibliotecarios.<\/p>\n<p>&nbsp;<\/p>\n<p>Se incluye en las modificaciones la retribuci\u00f3n del bedel del Instituto Superior de Ense\u00f1anza Radiof\u00f3nica (ISER); y la de los vocales del directorio del Fondo Nacional de las Artes.<\/p>\n<p>&nbsp;<\/p>\n<p>La Tabla de vi\u00e1ticos para autoridades superiores establece que a partir del 1ro de enero los ministros, secretarios, y subsecretarios, percibir\u00e1n incrementos que ser\u00e1n complementados a partir de febrero, para completar un 25 por ciento.<\/p>\n<p>&nbsp;<\/p>\n<p>Alrededor de 300 ministros secretarios y subsecretarios ser\u00e1n alcanzados por la medida, con un incremento del 20 por ciento en enero y un 5 por ciento en febrero.<\/p>\n<p>&nbsp;<\/p>\n<p>El decreto, publicado hoy hab\u00eda sido firmado por el presidente Macri el pasado viernes desde la localidad de Villa la Angostura donde se encuentra vacacionando con su familia.<\/p>\n<p>&nbsp;<\/p>\n<p>Las autoridades superiores de la administraci\u00f3n nacional no hab\u00eda recibidos aumentos salariales durante 2018, a ra\u00edz de una resoluci\u00f3n del presidente Macri congelando sueldos de funcionarios.<\/p>\n","protected":false},"excerpt":{"rendered":"<p>El decreto que establece la autorizaci\u00f3n para que autoridades superiores del Poder Ejecutivo, incluido el presidente Mauricio Macri, puedan percibir aumentos en sus remuneraciones, fue publicado hoy &nbsp; &nbsp; &nbsp; La medida establece que los incrementos ser\u00e1n percibidos entre los meses de enero y febrero de acuerdo a la categor\u00eda del funcionario y la zona donde desempe\u00f1a sus tareas. &nbsp; El decreto, con el n\u00famero 1198\/2018, lleva la firma del presidente Mauricio Macri; el jefe de Gabinete Marcos Pe\u00f1a; y el ministro de Hacienda, Nicol\u00e1s Dujovne. &nbsp; Tambi\u00e9n fueron modificados&#8230;<\/p>\n","protected":false},"author":3,"featured_media":38485,"comment_status":"closed","ping_status":"closed","sticky":false,"template":"","format":"standard","meta":[],"categories":[9],"tags":[],"_links":{"self":[{"href":"https:\/\/www.actualidadadiario.com\/index.php\/wp-json\/wp\/v2\/posts\/38484"}],"collection":[{"href":"https:\/\/www.actualidadadiario.com\/index.php\/wp-json\/wp\/v2\/posts"}],"about":[{"href":"https:\/\/www.actualidadadiario.com\/index.php\/wp-json\/wp\/v2\/types\/post"}],"author":[{"embeddable":true,"href":"https:\/\/www.actualidadadiario.com\/index.php\/wp-json\/wp\/v2\/users\/3"}],"replies":[{"embeddable":true,"href":"https:\/\/www.actualidadadiario.com\/index.php\/wp-json\/wp\/v2\/comments?post=38484"}],"version-history":[{"count":1,"href":"https:\/\/www.actualidadadiario.com\/index.php\/wp-json\/wp\/v2\/posts\/38484\/revisions"}],"predecessor-version":[{"id":38486,"href":"https:\/\/www.actualidadadiario.com\/index.php\/wp-json\/wp\/v2\/posts\/38484\/revisions\/38486"}],"wp:featuredmedia":[{"embeddable":true,"href":"https:\/\/www.actualidadadiario.com\/index.php\/wp-json\/wp\/v2\/media\/38485"}],"wp:attachment":[{"href":"https:\/\/www.actualidadadiario.com\/index.php\/wp-json\/wp\/v2\/media?parent=38484"}],"wp:term":[{"taxonomy":"category","embeddable":true,"href":"https:\/\/www.actualidadadiario.com\/index.php\/wp-json\/wp\/v2\/categories?post=38484"},{"taxonomy":"post_tag","embeddable":true,"href":"https:\/\/www.actualidadadiario.com\/index.php\/wp-json\/wp\/v2\/tags?post=38484"}],"curies":[{"name":"wp","href":"https:\/\/api.w.org\/{rel}","templated":true}]}}