{"id":38481,"date":"2019-01-02T12:51:53","date_gmt":"2019-01-02T15:51:53","guid":{"rendered":"https:\/\/www.actualidadadiario.com\/?p=38481"},"modified":"2019-01-02T12:51:53","modified_gmt":"2019-01-02T15:51:53","slug":"el-gobierno-se-prepara-para-un-primer-semestre-complejo-y-con-dudas-sobre-el-mes-de-repunte","status":"publish","type":"post","link":"https:\/\/www.actualidadadiario.com\/index.php\/2019\/01\/02\/el-gobierno-se-prepara-para-un-primer-semestre-complejo-y-con-dudas-sobre-el-mes-de-repunte\/","title":{"rendered":"El Gobierno se prepara para un primer semestre complejo y con dudas sobre el mes de repunte"},"content":{"rendered":"<p><em><strong>El Gobierno nacional apuesta a repetir en 2019 el esquema de contenci\u00f3n de diciembre para mitigar lo que ser\u00e1 un escenario de recesi\u00f3n econ\u00f3mica, signado por el incremento del desempleo y la pobreza, sumado a las fuertes subas de la luz, el gas y el transporte y los recortes en la obra p\u00fablica<\/strong><\/em><\/p>\n<p>&nbsp;<\/p>\n<p>&nbsp;<\/p>\n<p>&nbsp;<\/p>\n<p>&nbsp;<\/p>\n<p>Apenas lograron atravesar las fiestas de Navidad y Fin de A\u00f1o sin la conflictividad social de otros a\u00f1os, en la Casa Rosada empezaron a evaluar la posibilidad de replicar el refuerzo de programas sociales que aplicaron a fines de 2018. La ministra de Salud y Desarrollo Social, Carolina Stanley, nuevamente ser\u00e1 la encargada de mantener el di\u00e1logo abierto con los movimientos sociales para asegurar la atenci\u00f3n alimentaria en los comedores de distintos puntos del pa\u00eds, pero adem\u00e1s deber\u00e1 hacer especial hincapi\u00e9 en mejorar el v\u00ednculo con la Iglesia, sobre todo luego de las cr\u00edticas de varios obispos.<\/p>\n<p>&nbsp;<\/p>\n<p>Tan importante resulta la voz de los prelados al momento de descomprimir el malestar social que el propio presidente Mauricio Macri se apur\u00f3 a transmitir semanas atr\u00e1s a los representantes de la Conferencia Episcopal Argentina, encabezada por monse\u00f1or Oscar Ojea, que &#8220;todav\u00eda tenemos meses duros por delante&#8221;.<\/p>\n<p>&nbsp;<\/p>\n<p>Fuentes gubernamentales admitieron que el primer semestre ser\u00e1 &#8220;dif\u00edcil desde lo econ\u00f3mico&#8221; y que reci\u00e9n a partir de mitad de a\u00f1o habr\u00e1 un t\u00edmido repunte, sin embargo por el momento en la administraci\u00f3n Macri no tienen en carpeta medidas econ\u00f3micas espec\u00edficas que ayuden a revertir las dificultades que deber\u00e1 afrontar un importante porcentaje de la poblaci\u00f3n. Por el contrario, un funcionario de Balcarce 50 remarc\u00f3 a este diario que el principal objetivo es &#8220;cumplir con las metas fiscales previstas&#8221; y alcanzar el d\u00e9ficit cero. &#8220;Habr\u00e1 una mejora con la recomposici\u00f3n salarial, aunque ser\u00e1 muy dispar porque los incrementos depender\u00e1n de la realidad de cada sector&#8221;, apuntaron desde el Poder Ejecutivo nacional. Como ejemplo pusieron los gremios de bancarios, aceiteros y petroleros, que cerraron sus paritarias por encima del 40%, un porcentaje cercano a la inflaci\u00f3n de 2018.<\/p>\n<p>&nbsp;<\/p>\n<p>Aun cuando la contenci\u00f3n estar\u00e1 dirigida a los sectores m\u00e1s vulnerables, el gobierno est\u00e1 lejos de frenar el aumento de la pobreza y mucho menos de llevarla a cero, como Macri pregonaba durante su campa\u00f1a en 2015. S\u00f3lo en el \u00faltimo a\u00f1o, seg\u00fan el Observatorio de Deuda Social de la UCA, hubo un incremento de 5 puntos. Si bien en el ministro de Hacienda, Nicol\u00e1s Dujovne, sostuvo que esos n\u00fameros &#8220;son insoportablemente altos&#8221;, se mostr\u00f3 confiado en que en marzo pr\u00f3ximo esas cifras bajar\u00e1n por una supuesta desaceleraci\u00f3n de la inflaci\u00f3n.<\/p>\n","protected":false},"excerpt":{"rendered":"<p>El Gobierno nacional apuesta a repetir en 2019 el esquema de contenci\u00f3n de diciembre para mitigar lo que ser\u00e1 un escenario de recesi\u00f3n econ\u00f3mica, signado por el incremento del desempleo y la pobreza, sumado a las fuertes subas de la luz, el gas y el transporte y los recortes en la obra p\u00fablica &nbsp; &nbsp; &nbsp; &nbsp; Apenas lograron atravesar las fiestas de Navidad y Fin de A\u00f1o sin la conflictividad social de otros a\u00f1os, en la Casa Rosada empezaron a evaluar la posibilidad de replicar el refuerzo de programas&#8230;<\/p>\n","protected":false},"author":3,"featured_media":38482,"comment_status":"closed","ping_status":"closed","sticky":false,"template":"","format":"standard","meta":[],"categories":[18],"tags":[],"_links":{"self":[{"href":"https:\/\/www.actualidadadiario.com\/index.php\/wp-json\/wp\/v2\/posts\/38481"}],"collection":[{"href":"https:\/\/www.actualidadadiario.com\/index.php\/wp-json\/wp\/v2\/posts"}],"about":[{"href":"https:\/\/www.actualidadadiario.com\/index.php\/wp-json\/wp\/v2\/types\/post"}],"author":[{"embeddable":true,"href":"https:\/\/www.actualidadadiario.com\/index.php\/wp-json\/wp\/v2\/users\/3"}],"replies":[{"embeddable":true,"href":"https:\/\/www.actualidadadiario.com\/index.php\/wp-json\/wp\/v2\/comments?post=38481"}],"version-history":[{"count":1,"href":"https:\/\/www.actualidadadiario.com\/index.php\/wp-json\/wp\/v2\/posts\/38481\/revisions"}],"predecessor-version":[{"id":38483,"href":"https:\/\/www.actualidadadiario.com\/index.php\/wp-json\/wp\/v2\/posts\/38481\/revisions\/38483"}],"wp:featuredmedia":[{"embeddable":true,"href":"https:\/\/www.actualidadadiario.com\/index.php\/wp-json\/wp\/v2\/media\/38482"}],"wp:attachment":[{"href":"https:\/\/www.actualidadadiario.com\/index.php\/wp-json\/wp\/v2\/media?parent=38481"}],"wp:term":[{"taxonomy":"category","embeddable":true,"href":"https:\/\/www.actualidadadiario.com\/index.php\/wp-json\/wp\/v2\/categories?post=38481"},{"taxonomy":"post_tag","embeddable":true,"href":"https:\/\/www.actualidadadiario.com\/index.php\/wp-json\/wp\/v2\/tags?post=38481"}],"curies":[{"name":"wp","href":"https:\/\/api.w.org\/{rel}","templated":true}]}}