{"id":38475,"date":"2019-01-02T12:50:17","date_gmt":"2019-01-02T15:50:17","guid":{"rendered":"https:\/\/www.actualidadadiario.com\/?p=38475"},"modified":"2019-01-02T12:50:17","modified_gmt":"2019-01-02T15:50:17","slug":"la-corte-suprema-tratara-las-prisiones-preventivas-y-las-penas-a-represores-en-2019","status":"publish","type":"post","link":"https:\/\/www.actualidadadiario.com\/index.php\/2019\/01\/02\/la-corte-suprema-tratara-las-prisiones-preventivas-y-las-penas-a-represores-en-2019\/","title":{"rendered":"La Corte Suprema tratar\u00e1 las prisiones preventivas y las penas a represores en 2019"},"content":{"rendered":"<p><em><strong>Durante la feria judicial, los magistrados planean cu\u00e1l ser\u00e1 la agenda de la primera mitad de a\u00f1o<\/strong><\/em><\/p>\n<p>&nbsp;<\/p>\n<p>&nbsp;<\/p>\n<p>&nbsp;<\/p>\n<p>Ya arranc\u00f3 la feria judicial en Argentina pero durante las vacaciones de verano los integrantes de la Corte Suprema preparar\u00e1n su agenda de cara al 2019. Entre los casos a discutir se encuentra el debate sobre los l\u00edmites a la prisi\u00f3n preventiva para los casos de corrupci\u00f3n y las penas a represores.<\/p>\n<p>&nbsp;<\/p>\n<p>Los cinco integrantes del m\u00e1ximo tribunal deber\u00e1n consensuar una lista de casos a resolver en este a\u00f1o que comienza y ponerles una fecha. Durante la feria judicial, las dos primeras semanas estar\u00e1 de guardia Juan Carlos Maqueda, la tercera Horacio Rosatti, Carlos Rosenkrantz queda a cargo de la cuarta y Elena Highton de Nolasco la quinta, seg\u00fan inform\u00f3 La Naci\u00f3n.<\/p>\n<p>&nbsp;<\/p>\n<p>En ese tiempo, cada uno de ellos deber\u00e1 elaborar la lista de casos para resolver durante este a\u00f1o nuevo y, al menos, indicar\u00e1n en qu\u00e9 quincena deber\u00eda salir la sentencia.<\/p>\n<p>&nbsp;<\/p>\n<p>Uno de los temas que deber\u00e1n resolverse es cu\u00e1les son los l\u00edmites de la prisi\u00f3n preventiva en las causas de corrupci\u00f3n, una de las grandes novedades en el \u00e1mbito judicial este 2018 que se implement\u00f3 a ra\u00edz de la causa conocida como \u201clos cuadernos de las coimas\u201d. El juez de la C\u00e1mara de Casaci\u00f3n Mart\u00edn Irurzun impuls\u00f3 una doctrina que permiti\u00f3 los encarcelamientos de exfuncionarios bajo el argumento que conservaban su poder para influenciar testigos y entorpecer la investigaci\u00f3n y dispon\u00eda de recursos econ\u00f3micos para darse a la fuga.<\/p>\n<p>&nbsp;<\/p>\n<p>Con esta doctrina quedaron detenidos varios exfuncionarios kirchneristas, tales como Jos\u00e9 L\u00f3pez, Julio De Vido, Roberto Baratta, Jos\u00e9 Mar\u00eda Olazagasti o Rafael Llorens, entre otros. En las causas de corrupci\u00f3n tambi\u00e9n fueron arrestados empresarios y personas cercanas a los Kirchner.<\/p>\n<p>&nbsp;<\/p>\n<p>Otro de los temas sensibles que deber\u00e1 resolver la Corte Suprema es la prisi\u00f3n domiciliaria en los casos de cr\u00edmenes de lesa humanidad, un beneficio que se les neg\u00f3 a condenados por estos delitos mientras que a otros acusados por cargos comunes se les concede. A fines del 2017, se produjo un fuerte repudio al fallo que le otorg\u00f3 la prisi\u00f3n domiciliaria a Miguel Etchecolatz y a la cuesti\u00f3n entr\u00f3 en la agenda.<\/p>\n<p>&nbsp;<\/p>\n<p>Durante la primera mitad del a\u00f1o deber\u00eda salir la sentencia por el caso Farmacity para autorizar o denegar la apertura de locales en la provincia de Buenos Aires. Por el momento ya hubo audiencias p\u00fablicas. Otro tema posible a debatirse en la inconstitucionalidad de los topes para las jubilaciones y la posibilidad de aplicar el impuesto a las Ganancias sobre las jubilaciones m\u00e1s altas.<\/p>\n","protected":false},"excerpt":{"rendered":"<p>Durante la feria judicial, los magistrados planean cu\u00e1l ser\u00e1 la agenda de la primera mitad de a\u00f1o &nbsp; &nbsp; &nbsp; Ya arranc\u00f3 la feria judicial en Argentina pero durante las vacaciones de verano los integrantes de la Corte Suprema preparar\u00e1n su agenda de cara al 2019. Entre los casos a discutir se encuentra el debate sobre los l\u00edmites a la prisi\u00f3n preventiva para los casos de corrupci\u00f3n y las penas a represores. &nbsp; Los cinco integrantes del m\u00e1ximo tribunal deber\u00e1n consensuar una lista de casos a resolver en este a\u00f1o&#8230;<\/p>\n","protected":false},"author":3,"featured_media":38476,"comment_status":"closed","ping_status":"closed","sticky":false,"template":"","format":"standard","meta":[],"categories":[18],"tags":[],"_links":{"self":[{"href":"https:\/\/www.actualidadadiario.com\/index.php\/wp-json\/wp\/v2\/posts\/38475"}],"collection":[{"href":"https:\/\/www.actualidadadiario.com\/index.php\/wp-json\/wp\/v2\/posts"}],"about":[{"href":"https:\/\/www.actualidadadiario.com\/index.php\/wp-json\/wp\/v2\/types\/post"}],"author":[{"embeddable":true,"href":"https:\/\/www.actualidadadiario.com\/index.php\/wp-json\/wp\/v2\/users\/3"}],"replies":[{"embeddable":true,"href":"https:\/\/www.actualidadadiario.com\/index.php\/wp-json\/wp\/v2\/comments?post=38475"}],"version-history":[{"count":1,"href":"https:\/\/www.actualidadadiario.com\/index.php\/wp-json\/wp\/v2\/posts\/38475\/revisions"}],"predecessor-version":[{"id":38477,"href":"https:\/\/www.actualidadadiario.com\/index.php\/wp-json\/wp\/v2\/posts\/38475\/revisions\/38477"}],"wp:featuredmedia":[{"embeddable":true,"href":"https:\/\/www.actualidadadiario.com\/index.php\/wp-json\/wp\/v2\/media\/38476"}],"wp:attachment":[{"href":"https:\/\/www.actualidadadiario.com\/index.php\/wp-json\/wp\/v2\/media?parent=38475"}],"wp:term":[{"taxonomy":"category","embeddable":true,"href":"https:\/\/www.actualidadadiario.com\/index.php\/wp-json\/wp\/v2\/categories?post=38475"},{"taxonomy":"post_tag","embeddable":true,"href":"https:\/\/www.actualidadadiario.com\/index.php\/wp-json\/wp\/v2\/tags?post=38475"}],"curies":[{"name":"wp","href":"https:\/\/api.w.org\/{rel}","templated":true}]}}