{"id":38472,"date":"2019-01-02T12:49:39","date_gmt":"2019-01-02T15:49:39","guid":{"rendered":"https:\/\/www.actualidadadiario.com\/?p=38472"},"modified":"2019-01-02T12:49:39","modified_gmt":"2019-01-02T15:49:39","slug":"un-gobernador-peronista-logro-adelantar-las-elecciones","status":"publish","type":"post","link":"https:\/\/www.actualidadadiario.com\/index.php\/2019\/01\/02\/un-gobernador-peronista-logro-adelantar-las-elecciones\/","title":{"rendered":"Un gobernador peronista logr\u00f3 adelantar las elecciones"},"content":{"rendered":"<p><em><strong>Luego de un amparo presentado ante la Justicia local, el mandatario provincial fue habilitado para que los comicios se realicen en mayo<\/strong><\/em><\/p>\n<p>&nbsp;<\/p>\n<p>&nbsp;<\/p>\n<p>&nbsp;<\/p>\n<p>Luego de un amparo presentado ante la Justicia de Tucum\u00e1n, el gobernador Juan Manzur logr\u00f3 que las elecciones se desdoblaran. Seg\u00fan consta en el fallo, el art\u00edculo de la Constituci\u00f3n local que establece que los comicios deben realizarse dos meses antes de que finalice el mandato es inconstitucional, por lo cual del 25 de agosto, que ser\u00eda la fecha indicada por la carta magna, ser\u00edan trasladados a mayo.<\/p>\n<p>&nbsp;<\/p>\n<p>De esta manera, Manzur se convirti\u00f3 en el octavo gobernador peronista que elige desdoblar los comicios, con lo cual Tucum\u00e1n se suma a La Pampa, Neuqu\u00e9n, San Juan, Chubut, Entre R\u00edos, Santa Fe y C\u00f3rdoba. Sin embargo, existen fuertes rumores sobre una pr\u00e1ctica similar en las provincias de Jujuy y Mendoza, gobernadas por los radicales Gerardo Morales y Alfredo Cornejo, y la de Buenos Aires, que lidera Mar\u00eda Eugenia Vidal.<\/p>\n<p>&nbsp;<\/p>\n<p>&#8220;Vamos a respetar el fallo&#8221;, asegur\u00f3, escueto y p\u00fablicamente, el vicegobernador, Osvaldo Jaldo, al referirse al amparo que fue presentado por el Frente Renovador Aut\u00e9ntico (FRA) con el objetivo de distanciar las PASO nacionales de las provinciales, siendo que las primeras se pautaron para el 11 de agosto.<\/p>\n<p>&nbsp;<\/p>\n<p>La responsable de hacer lugar al pedido judicial fue la Sala I de la C\u00e1mara en lo Contencioso Administrativo. Seg\u00fan explicaron los camaristas Juan Ricardo Acosta y Horacio Ricardo Castellanos, en la modificaci\u00f3n de la constituci\u00f3n provincial &#8220;en ninguna parte del texto&#8221; se &#8220;autoriz\u00f3 la incorporaci\u00f3n de un plazo espec\u00edfico para efectivizar la elecci\u00f3n local&#8221;. &#8220;Las reglas republicanas vuelven a ser pisoteadas en un Tucum\u00e1n gobernado por tramposos a los que solo les interesa conservar el poder&#8221;, opin\u00f3 el diputado radical Jos\u00e9 Cano.<\/p>\n<p>&nbsp;<\/p>\n<p>&#8220;En un fallo suspicazmente veloz, en el \u00faltimo d\u00eda antes de la feria judicial y con un juez que hasta hace semanas era funcionario del actual gobierno, la Justicia cambia las reglas electorales que rigen en la provincia desde hace 12 a\u00f1os&#8221;, sentenci\u00f3 el exdirector del Plan Belgrano en declaraciones al diario local La Gaceta.<\/p>\n<p>&nbsp;<\/p>\n<p>Lo cierto es que a\u00fan, como pasa en algunos otros distritos, Cambiemos no defini\u00f3 cu\u00e1l ser\u00e1 su candidato a Gobernador, por lo cual Cano pelea una posible interna junto al exministro de Hacienda, Alfonso Prat Gay, y la senadora Silvia El\u00edas de P\u00e9rez. Pero la situaci\u00f3n de Manzur no es muy diferente, ya que a pesar de haber anunciado que ir\u00e1 por la reelecci\u00f3n, la figura de Jos\u00e9 Alperovich dentro del peronismo, y m\u00e1s luego de una imagen junto a Cristina Kirchner, estar\u00eda poniendo &#8220;nervioso&#8221; al actual mandatario provincial.<\/p>\n","protected":false},"excerpt":{"rendered":"<p>Luego de un amparo presentado ante la Justicia local, el mandatario provincial fue habilitado para que los comicios se realicen en mayo &nbsp; &nbsp; &nbsp; Luego de un amparo presentado ante la Justicia de Tucum\u00e1n, el gobernador Juan Manzur logr\u00f3 que las elecciones se desdoblaran. Seg\u00fan consta en el fallo, el art\u00edculo de la Constituci\u00f3n local que establece que los comicios deben realizarse dos meses antes de que finalice el mandato es inconstitucional, por lo cual del 25 de agosto, que ser\u00eda la fecha indicada por la carta magna, ser\u00edan&#8230;<\/p>\n","protected":false},"author":3,"featured_media":38473,"comment_status":"closed","ping_status":"closed","sticky":false,"template":"","format":"standard","meta":[],"categories":[18],"tags":[],"_links":{"self":[{"href":"https:\/\/www.actualidadadiario.com\/index.php\/wp-json\/wp\/v2\/posts\/38472"}],"collection":[{"href":"https:\/\/www.actualidadadiario.com\/index.php\/wp-json\/wp\/v2\/posts"}],"about":[{"href":"https:\/\/www.actualidadadiario.com\/index.php\/wp-json\/wp\/v2\/types\/post"}],"author":[{"embeddable":true,"href":"https:\/\/www.actualidadadiario.com\/index.php\/wp-json\/wp\/v2\/users\/3"}],"replies":[{"embeddable":true,"href":"https:\/\/www.actualidadadiario.com\/index.php\/wp-json\/wp\/v2\/comments?post=38472"}],"version-history":[{"count":1,"href":"https:\/\/www.actualidadadiario.com\/index.php\/wp-json\/wp\/v2\/posts\/38472\/revisions"}],"predecessor-version":[{"id":38474,"href":"https:\/\/www.actualidadadiario.com\/index.php\/wp-json\/wp\/v2\/posts\/38472\/revisions\/38474"}],"wp:featuredmedia":[{"embeddable":true,"href":"https:\/\/www.actualidadadiario.com\/index.php\/wp-json\/wp\/v2\/media\/38473"}],"wp:attachment":[{"href":"https:\/\/www.actualidadadiario.com\/index.php\/wp-json\/wp\/v2\/media?parent=38472"}],"wp:term":[{"taxonomy":"category","embeddable":true,"href":"https:\/\/www.actualidadadiario.com\/index.php\/wp-json\/wp\/v2\/categories?post=38472"},{"taxonomy":"post_tag","embeddable":true,"href":"https:\/\/www.actualidadadiario.com\/index.php\/wp-json\/wp\/v2\/tags?post=38472"}],"curies":[{"name":"wp","href":"https:\/\/api.w.org\/{rel}","templated":true}]}}