{"id":38466,"date":"2019-01-02T12:48:21","date_gmt":"2019-01-02T15:48:21","guid":{"rendered":"https:\/\/www.actualidadadiario.com\/?p=38466"},"modified":"2019-01-02T12:48:21","modified_gmt":"2019-01-02T15:48:21","slug":"dudoso-alquiler-de-edificio-a-ypf-por-contratacion-directa","status":"publish","type":"post","link":"https:\/\/www.actualidadadiario.com\/index.php\/2019\/01\/02\/dudoso-alquiler-de-edificio-a-ypf-por-contratacion-directa\/","title":{"rendered":"Dudoso alquiler de edificio a YPF por Contrataci\u00f3n Directa"},"content":{"rendered":"<p><em><strong>Se trata del edificio de la calle Esmeralda N\u00ba 255 ubicado en la Ciudad Aut\u00f3noma de Buenos, donde funcionan diversas dependencias administrativas<\/strong><\/em><\/p>\n<p>&nbsp;<\/p>\n<p>&nbsp;<\/p>\n<p>&nbsp;<\/p>\n<p>El Gobierno aprob\u00f3 la contrataci\u00f3n directa por locaci\u00f3n de inmuebles del ministerio del Interior, Obras P\u00fablicas y Vivienda a YPF, por un monto de USD 8 millones, para la renovaci\u00f3n del servicio de alquiler del edificio de la calle Esmeralda N\u00ba 255 ubicado en la Ciudad Aut\u00f3noma de Buenos, donde funcionan diversas dependencias administrativas del ministerio de Rogelio Frigerio.<\/p>\n<p>&nbsp;<\/p>\n<p>Seg\u00fan la medida, publicada en el Bolet\u00edn Oficial este mi\u00e9rcoles por Decisi\u00f3n Administrativa 1949\/2018, el ministerio del Interior, Obras P\u00fablicas y Vivienda renov\u00f3 el alquiler por un per\u00edodo de 37 meses, entre los cuales se encuentra contemplado el mes de garant\u00eda estipulado para perfeccionar el v\u00ednculo.<\/p>\n<p>&nbsp;<\/p>\n<p>En este sentido, procedieron a consultar a la Agencia de Administraci\u00f3n de Bienes del Estado, organismo descentralizado actuante en la \u00f3rbita de la jefatura de Gabinete, sobre la existencia y disponibilidad de bienes inmuebles de propiedad del Estado de caracter\u00edsticas similares a las requeridas en la contrataci\u00f3n en cuesti\u00f3n.<\/p>\n<p>&nbsp;<\/p>\n<p>Teniendo en cuenta la normativa publicada hoy, la Agencia inform\u00f3 que no se encontraban en la actualidad inmuebles disponibles con las caracter\u00edsticas requeridas, autorizando a continuar con las gestiones tendientes a la renovaci\u00f3n de la locaci\u00f3n solicitada.<\/p>\n<p>&nbsp;<\/p>\n<p>\u201cAdjud\u00edcase la Contrataci\u00f3n Directa &#8211; Adjudicaci\u00f3n Simple por Locaci\u00f3n de Inmuebles N\u00ba 81-0030-CDI18 a YPF S.A. por un monto total de USD 8.771.195,95, por cumplir con los requisitos establecidos\u201d, manifiesta el texto oficial. De esta manera, YPF\u00a0 prest\u00f3 conformidad al proyecto de Convenio propuesto por el ministerio del Interior, Obras P\u00fablicas y Vivienda para la renovaci\u00f3n del servicio de alquiler del edificio de la calle Esmeralda N\u00ba 255 ubicado en la Ciudad de Buenos Aires.<\/p>\n<p>&nbsp;<\/p>\n<p>En tanto, para el cumplimiento de la medida, la Direcci\u00f3n General de Asuntos Jur\u00eddicos dependiente de la Secretar\u00eda de Coordinaci\u00f3n del ministerio de dirige Rogelio Frigerio ha tomado la intervenci\u00f3n de su competencia.<\/p>\n","protected":false},"excerpt":{"rendered":"<p>Se trata del edificio de la calle Esmeralda N\u00ba 255 ubicado en la Ciudad Aut\u00f3noma de Buenos, donde funcionan diversas dependencias administrativas &nbsp; &nbsp; &nbsp; El Gobierno aprob\u00f3 la contrataci\u00f3n directa por locaci\u00f3n de inmuebles del ministerio del Interior, Obras P\u00fablicas y Vivienda a YPF, por un monto de USD 8 millones, para la renovaci\u00f3n del servicio de alquiler del edificio de la calle Esmeralda N\u00ba 255 ubicado en la Ciudad Aut\u00f3noma de Buenos, donde funcionan diversas dependencias administrativas del ministerio de Rogelio Frigerio. &nbsp; Seg\u00fan la medida, publicada en&#8230;<\/p>\n","protected":false},"author":3,"featured_media":38467,"comment_status":"closed","ping_status":"closed","sticky":false,"template":"","format":"standard","meta":[],"categories":[18],"tags":[],"_links":{"self":[{"href":"https:\/\/www.actualidadadiario.com\/index.php\/wp-json\/wp\/v2\/posts\/38466"}],"collection":[{"href":"https:\/\/www.actualidadadiario.com\/index.php\/wp-json\/wp\/v2\/posts"}],"about":[{"href":"https:\/\/www.actualidadadiario.com\/index.php\/wp-json\/wp\/v2\/types\/post"}],"author":[{"embeddable":true,"href":"https:\/\/www.actualidadadiario.com\/index.php\/wp-json\/wp\/v2\/users\/3"}],"replies":[{"embeddable":true,"href":"https:\/\/www.actualidadadiario.com\/index.php\/wp-json\/wp\/v2\/comments?post=38466"}],"version-history":[{"count":1,"href":"https:\/\/www.actualidadadiario.com\/index.php\/wp-json\/wp\/v2\/posts\/38466\/revisions"}],"predecessor-version":[{"id":38468,"href":"https:\/\/www.actualidadadiario.com\/index.php\/wp-json\/wp\/v2\/posts\/38466\/revisions\/38468"}],"wp:featuredmedia":[{"embeddable":true,"href":"https:\/\/www.actualidadadiario.com\/index.php\/wp-json\/wp\/v2\/media\/38467"}],"wp:attachment":[{"href":"https:\/\/www.actualidadadiario.com\/index.php\/wp-json\/wp\/v2\/media?parent=38466"}],"wp:term":[{"taxonomy":"category","embeddable":true,"href":"https:\/\/www.actualidadadiario.com\/index.php\/wp-json\/wp\/v2\/categories?post=38466"},{"taxonomy":"post_tag","embeddable":true,"href":"https:\/\/www.actualidadadiario.com\/index.php\/wp-json\/wp\/v2\/tags?post=38466"}],"curies":[{"name":"wp","href":"https:\/\/api.w.org\/{rel}","templated":true}]}}