{"id":38463,"date":"2019-01-02T12:47:45","date_gmt":"2019-01-02T15:47:45","guid":{"rendered":"https:\/\/www.actualidadadiario.com\/?p=38463"},"modified":"2019-01-02T12:47:45","modified_gmt":"2019-01-02T15:47:45","slug":"quien-es-el-nuevo-presidente-de-la-casa-de-la-moneda","status":"publish","type":"post","link":"https:\/\/www.actualidadadiario.com\/index.php\/2019\/01\/02\/quien-es-el-nuevo-presidente-de-la-casa-de-la-moneda\/","title":{"rendered":"Qui\u00e9n es el nuevo presidente de la Casa de la Moneda"},"content":{"rendered":"<p><em><strong>El nombramiento del reemplazante de Marcelo Pose se comunic\u00f3 a trav\u00e9s del decreto 1176\/2018, que se public\u00f3 en el Bolet\u00edn Oficial<\/strong><\/em><\/p>\n<p>&nbsp;<\/p>\n<p>&nbsp;<\/p>\n<p>&nbsp;<\/p>\n<p>El Gobierno Nacional design\u00f3 a Fernando Pereyro como nuevo presidente de la Casa de la Moneda para reemplazar a Marcelo Pose tras su renuncia a fines de noviembre pasado. El nombramiento se comunic\u00f3 este mi\u00e9rcoles por medio del decreto 1176\/2018, que se public\u00f3 en el Bolet\u00edn Oficial con la firma del presidente de la Rep\u00fablica Argentina, Mauricio Macri, y del jefe de Gabinete, Marcos Pe\u00f1a.<\/p>\n<p>&nbsp;<\/p>\n<p>Pereyro es un contador graduado en la Universidad de Buenos Aires (UBA) y se desempe\u00f1aba como secretario general desde enero del 2016 en esta sociedad del Estado que se dedica a la impresi\u00f3n de billetes y acu\u00f1aci\u00f3n de monedas de curso legal y que depende del Ministerio de Hacienda y Finanzas P\u00fablicas.<\/p>\n<p>&nbsp;<\/p>\n<p>El nuevo titular de la Casa de la Moneda de nuestro pa\u00eds trabaj\u00f3 anteriormente de forma independiente (del 2010 al 2015), fue gerente en la Superintendencia de AFJP (del 2008 al 2009) y asesor de Gerencia General en el Banco Ciudad (del 2005 al 2008). Tambi\u00e9n estuvo a cargo de distintas gerencias en el Banco Galicia (del 2001 al 2002) y en el ABN AMRO Bank (del 1997 al 2001) y fue adem\u00e1s vicepresidente del Citibank (del 1987 al 1992).<\/p>\n<p>&nbsp;<\/p>\n<p>Mientras tanto, Macri contin\u00faa con sus vacaciones en Villa La Angostura, iniciadas el pasado 22 de diciembre, en compa\u00f1\u00eda de la primera dama, Juliana Awada, y la hija menor de ambos, Antonia. El jefe de Estado us\u00f3 estos d\u00edas las redes sociales para festejar el fin del 2018 y el principio del 2019, envi\u00e1ndoles buenos deseos a los ciudadanos de la Argentina y les record\u00f3 que todos tienen &#8220;el mismo deseo&#8221; de prosperidad.<\/p>\n<p>&nbsp;<\/p>\n<p>&#8220;Quer\u00eda saludarte a esta hora para compartir la alegr\u00eda que me da empezar el a\u00f1o. Ojal\u00e1 est\u00e9s, ahora mismo, festejando junto al cari\u00f1o de las personas que m\u00e1s quer\u00e9s o que ellos est\u00e9n vivos en tu recuerdo y en tu coraz\u00f3n: \u00bfHay algo m\u00e1s importante?&#8221;, poste\u00f3 Macri desde la localidad tur\u00edstica que se ubica frente al lago Nahuel Huapi, en la Patagonia argentina.<\/p>\n<p>&nbsp;<\/p>\n<p>Y concluy\u00f3 su mensaje ya con un tono mucho m\u00e1s pol\u00edtico y electoral: &#8220;S\u00e9 que vos y yo tenemos el mismo deseo para este a\u00f1o que empieza: superar los desaf\u00edos que se nos presentan (sean los que sea), estar mejor cada d\u00eda, seguir unidos. Tengo una confianza imbatible en que lo vamos a lograr&#8221;.<\/p>\n","protected":false},"excerpt":{"rendered":"<p>El nombramiento del reemplazante de Marcelo Pose se comunic\u00f3 a trav\u00e9s del decreto 1176\/2018, que se public\u00f3 en el Bolet\u00edn Oficial &nbsp; &nbsp; &nbsp; El Gobierno Nacional design\u00f3 a Fernando Pereyro como nuevo presidente de la Casa de la Moneda para reemplazar a Marcelo Pose tras su renuncia a fines de noviembre pasado. El nombramiento se comunic\u00f3 este mi\u00e9rcoles por medio del decreto 1176\/2018, que se public\u00f3 en el Bolet\u00edn Oficial con la firma del presidente de la Rep\u00fablica Argentina, Mauricio Macri, y del jefe de Gabinete, Marcos Pe\u00f1a. &nbsp;&#8230;<\/p>\n","protected":false},"author":3,"featured_media":38464,"comment_status":"closed","ping_status":"closed","sticky":false,"template":"","format":"standard","meta":[],"categories":[18],"tags":[],"_links":{"self":[{"href":"https:\/\/www.actualidadadiario.com\/index.php\/wp-json\/wp\/v2\/posts\/38463"}],"collection":[{"href":"https:\/\/www.actualidadadiario.com\/index.php\/wp-json\/wp\/v2\/posts"}],"about":[{"href":"https:\/\/www.actualidadadiario.com\/index.php\/wp-json\/wp\/v2\/types\/post"}],"author":[{"embeddable":true,"href":"https:\/\/www.actualidadadiario.com\/index.php\/wp-json\/wp\/v2\/users\/3"}],"replies":[{"embeddable":true,"href":"https:\/\/www.actualidadadiario.com\/index.php\/wp-json\/wp\/v2\/comments?post=38463"}],"version-history":[{"count":1,"href":"https:\/\/www.actualidadadiario.com\/index.php\/wp-json\/wp\/v2\/posts\/38463\/revisions"}],"predecessor-version":[{"id":38465,"href":"https:\/\/www.actualidadadiario.com\/index.php\/wp-json\/wp\/v2\/posts\/38463\/revisions\/38465"}],"wp:featuredmedia":[{"embeddable":true,"href":"https:\/\/www.actualidadadiario.com\/index.php\/wp-json\/wp\/v2\/media\/38464"}],"wp:attachment":[{"href":"https:\/\/www.actualidadadiario.com\/index.php\/wp-json\/wp\/v2\/media?parent=38463"}],"wp:term":[{"taxonomy":"category","embeddable":true,"href":"https:\/\/www.actualidadadiario.com\/index.php\/wp-json\/wp\/v2\/categories?post=38463"},{"taxonomy":"post_tag","embeddable":true,"href":"https:\/\/www.actualidadadiario.com\/index.php\/wp-json\/wp\/v2\/tags?post=38463"}],"curies":[{"name":"wp","href":"https:\/\/api.w.org\/{rel}","templated":true}]}}