{"id":38459,"date":"2019-01-02T12:46:44","date_gmt":"2019-01-02T15:46:44","guid":{"rendered":"https:\/\/www.actualidadadiario.com\/?p=38459"},"modified":"2019-01-02T12:46:44","modified_gmt":"2019-01-02T15:46:44","slug":"aerolineas-argentinas-cerro-2018-con-balance-positivo-pese-a-las-polemicas","status":"publish","type":"post","link":"https:\/\/www.actualidadadiario.com\/index.php\/2019\/01\/02\/aerolineas-argentinas-cerro-2018-con-balance-positivo-pese-a-las-polemicas\/","title":{"rendered":"Aerol\u00edneas Argentinas cerr\u00f3 2018 con balance positivo pese a las pol\u00e9micas"},"content":{"rendered":"<p><em><strong>La empresa a\u00e9rea estatal vivi\u00f3 varias medidas de fuerza pero marc\u00f3 r\u00e9cord de pasajeros y puntualidad<\/strong><\/em><\/p>\n<p>&nbsp;<\/p>\n<p>&nbsp;<\/p>\n<p>&nbsp;<\/p>\n<p>Aerol\u00edneas Argentinas vivi\u00f3 un fin de a\u00f1o complicado con una seguidilla de medidas de fuerza que obligaron a cancelar varios vuelos y a reubicar a pasajeros. Pero pese a esa pol\u00e9mica, la empresa a\u00e9rea estatal marc\u00f3 un record este 2018 en cuanto al n\u00famero de pasajeros y a la puntualidad de sus vuelos.<\/p>\n<p>&nbsp;<\/p>\n<p>Seg\u00fan un informe de la compa\u00f1\u00eda, la aerol\u00ednea cerr\u00f3 el a\u00f1o pasado con unos 9,8 millones de pasajeros y una puntualidad en sus vuelos que trep\u00f3 al 87 por ciento de promedio anual, lo que supone su r\u00e9cord hist\u00f3rico.<\/p>\n<p>&nbsp;<\/p>\n<p>El traslado de casi 10 millones de pasajeros tuvo lugar en el interior del pa\u00eds, es decir, que fue en vuelos de cabotaje. Con esa cifra super\u00f3 la marca del 2017 la cual hab\u00eda sido de 9,5 millones. La cifra r\u00e9cord de pasajeros se extrae de un total de 13 millones que Aerol\u00edneas Argentinas traslad\u00f3 tanto dentro como fuera del pa\u00eds.<\/p>\n<p>&nbsp;<\/p>\n<p>Otro record que marc\u00f3 la compa\u00f1\u00eda fue la puntualidad la cual alcanz\u00f3 en el a\u00f1o el 87 por ciento, un rasgo importante que destaca a las principales empresas a\u00e9reas en todo el mundo.<\/p>\n<p>&nbsp;<\/p>\n<p>Esos buenos resultados contrarrestan con la mala imagen que dio la compa\u00f1\u00eda en noviembre del a\u00f1o pasado, un mes marcado por el conflicto gremial que deriv\u00f3 en seis medidas de fuerza que cortaron el servicio de la l\u00ednea a\u00e9rea de bandera. Desde la empresa lamentaron que los paros iban a suponer una p\u00e9rdida significativa en dos factores centrales: participaci\u00f3n de mercado y puntualidad. No obstante, seg\u00fan este \u00faltimo informe pese a las protestas Aerol\u00edneas cierra 2018 con un balance positivo.<\/p>\n","protected":false},"excerpt":{"rendered":"<p>La empresa a\u00e9rea estatal vivi\u00f3 varias medidas de fuerza pero marc\u00f3 r\u00e9cord de pasajeros y puntualidad &nbsp; &nbsp; &nbsp; Aerol\u00edneas Argentinas vivi\u00f3 un fin de a\u00f1o complicado con una seguidilla de medidas de fuerza que obligaron a cancelar varios vuelos y a reubicar a pasajeros. Pero pese a esa pol\u00e9mica, la empresa a\u00e9rea estatal marc\u00f3 un record este 2018 en cuanto al n\u00famero de pasajeros y a la puntualidad de sus vuelos. &nbsp; Seg\u00fan un informe de la compa\u00f1\u00eda, la aerol\u00ednea cerr\u00f3 el a\u00f1o pasado con unos 9,8 millones de&#8230;<\/p>\n","protected":false},"author":3,"featured_media":38460,"comment_status":"closed","ping_status":"closed","sticky":false,"template":"","format":"standard","meta":[],"categories":[2],"tags":[],"_links":{"self":[{"href":"https:\/\/www.actualidadadiario.com\/index.php\/wp-json\/wp\/v2\/posts\/38459"}],"collection":[{"href":"https:\/\/www.actualidadadiario.com\/index.php\/wp-json\/wp\/v2\/posts"}],"about":[{"href":"https:\/\/www.actualidadadiario.com\/index.php\/wp-json\/wp\/v2\/types\/post"}],"author":[{"embeddable":true,"href":"https:\/\/www.actualidadadiario.com\/index.php\/wp-json\/wp\/v2\/users\/3"}],"replies":[{"embeddable":true,"href":"https:\/\/www.actualidadadiario.com\/index.php\/wp-json\/wp\/v2\/comments?post=38459"}],"version-history":[{"count":1,"href":"https:\/\/www.actualidadadiario.com\/index.php\/wp-json\/wp\/v2\/posts\/38459\/revisions"}],"predecessor-version":[{"id":38461,"href":"https:\/\/www.actualidadadiario.com\/index.php\/wp-json\/wp\/v2\/posts\/38459\/revisions\/38461"}],"wp:featuredmedia":[{"embeddable":true,"href":"https:\/\/www.actualidadadiario.com\/index.php\/wp-json\/wp\/v2\/media\/38460"}],"wp:attachment":[{"href":"https:\/\/www.actualidadadiario.com\/index.php\/wp-json\/wp\/v2\/media?parent=38459"}],"wp:term":[{"taxonomy":"category","embeddable":true,"href":"https:\/\/www.actualidadadiario.com\/index.php\/wp-json\/wp\/v2\/categories?post=38459"},{"taxonomy":"post_tag","embeddable":true,"href":"https:\/\/www.actualidadadiario.com\/index.php\/wp-json\/wp\/v2\/tags?post=38459"}],"curies":[{"name":"wp","href":"https:\/\/api.w.org\/{rel}","templated":true}]}}